{"id":1015,"date":"2014-05-30T13:24:42","date_gmt":"2014-05-30T13:24:42","guid":{"rendered":"http:\/\/www.cge-ra.org\/2015\/?p=1015"},"modified":"2015-10-27T17:48:21","modified_gmt":"2015-10-27T17:48:21","slug":"mas-y-mejor-trabajo-independiente","status":"publish","type":"post","link":"https:\/\/www.cge-ra.org\/V16\/mas-y-mejor-trabajo-independiente\/","title":{"rendered":"M\u00e1s y mejor trabajo independiente"},"content":{"rendered":"<p>La feria contar\u00e1 con un recorrido de 90 stands en donde se ver\u00e1n distintos sectores dedicados a: la indumentaria, el dise\u00f1o, los ni\u00f1os, la cultura, la gastronom\u00eda, la agricultura y hasta los animales dom\u00e9sticos.<\/p>\n<p>Participar\u00e1n alrededor de 200 trabajadores independientes que pertenecen a emprendimientos, cooperativas, entramados, f\u00e1bricas recuperadas, artesanos de pueblos ind\u00edgenas y personas con discapacidad.<\/p>\n<p>Adem\u00e1s, habr\u00e1 bandas y artistas invitados para acompa\u00f1ar a los emprendedores. El s\u00e1bado 7 de junio tocar\u00e1n Pollera Pantal\u00f3n, Amapola y La Joven Guarrior, y se brindar\u00e1 un espect\u00e1culo de T\u00edteres organizado por Chifus \u2013 Chifaz para los ni\u00f1os. Por otra parte, el domingo 8, estar\u00e1n Sol Marianela, La Cesar Pav\u00f3n Orquesta, y Juli\u00e1n y Milu.<\/p>\n<p>Marcelo Fern\u00e1ndez, Presidente de CGERA, manifest\u00f3 que \u201cDesde CGERA siempre impulsamos afianzar la formalidad e identidad del trabajo argentino, y entendemos que los emprendedores ser\u00e1n las pr\u00f3ximas pymes argentinas en continuar con el desarrollo m\u00e1s y mejor trabajo\u201d.<\/p>\n<p>El Dr. Guillermo Siro, quien coordina nivel\u00a0 nacional el plan de promoci\u00f3n y calificaci\u00f3n de empleo, sostuvo que \u201cEn CGERA hemos formado a m\u00e1s de 800 emprendedores desde el 2010, ya que perseguimos una pol\u00edtica de promoci\u00f3n en las econ\u00f3micas regionales\u00a0 y en la generaci\u00f3n de empleo\u201d.<\/p>\n<p>En el sector de ni\u00f1os, habr\u00e1 desde juguetes, indumentaria, blanquer\u00eda para bebes, adornos y disfraces.<\/p>\n<p>Se podr\u00e1n degustar y llevar comidas regionales en diversos stands del recorrido. La Cooperativa UNEMA dedicada al logro ha generado una gran expectativa sobre su exposici\u00f3n.<\/p>\n<p>Dentro de la indumentaria, se podr\u00e1n encontrar zapatos, ponchos, carteras, prendas de dise\u00f1o, chales, cinturones, bijouterie y tejidos.<\/p>\n<p>Debido a que la feria se llevara a cabo dentro de la Biblioteca Nacional, habr\u00e1 un sector dedicado a la cultura donde se podr\u00e1n ver las editoriales de Patricia Grande y Eloisa Cartonera; y adem\u00e1s estar\u00e1n presentes dos Luthiers de Santiago de Estero y de C\u00f3rdoba\u00a0 que fueron financiados por la Direcci\u00f3n Empleo Independiente.<\/p>\n<p>Tambi\u00e9n se podr\u00e1 disfrutar de decoraciones para el hogar, creaciones en cer\u00e1mica, vajilla, cester\u00eda, productos arom\u00e1ticos, entre otros.\u00a0 Y por otra parte, habr\u00e1 ropa y comida para mascotas; y cactus y plantas.<\/p>\n<p>&nbsp;<\/p>\n","protected":false},"excerpt":{"rendered":"<p>La feria contar\u00e1 con un recorrido de 90 stands en donde se ver\u00e1n distintos sectores dedicados a: la indumentaria, el dise\u00f1o, los ni\u00f1os, la cultura, la gastronom\u00eda, la agricultura y hasta los animales dom\u00e9sticos. Participar\u00e1n alrededor de 200 trabajadores independientes que pertenecen a emprendimientos, cooperativas, entramados, f\u00e1bricas recuperadas, artesanos de pueblos ind\u00edgenas y personas con &#8230;<\/p>\n","protected":false},"author":1,"featured_media":0,"comment_status":"closed","ping_status":"closed","sticky":false,"template":"","format":"standard","meta":[],"categories":[45],"tags":[],"_links":{"self":[{"href":"https:\/\/www.cge-ra.org\/V16\/wp-json\/wp\/v2\/posts\/1015"}],"collection":[{"href":"https:\/\/www.cge-ra.org\/V16\/wp-json\/wp\/v2\/posts"}],"about":[{"href":"https:\/\/www.cge-ra.org\/V16\/wp-json\/wp\/v2\/types\/post"}],"author":[{"embeddable":true,"href":"https:\/\/www.cge-ra.org\/V16\/wp-json\/wp\/v2\/users\/1"}],"replies":[{"embeddable":true,"href":"https:\/\/www.cge-ra.org\/V16\/wp-json\/wp\/v2\/comments?post=1015"}],"version-history":[{"count":2,"href":"https:\/\/www.cge-ra.org\/V16\/wp-json\/wp\/v2\/posts\/1015\/revisions"}],"predecessor-version":[{"id":1017,"href":"https:\/\/www.cge-ra.org\/V16\/wp-json\/wp\/v2\/posts\/1015\/revisions\/1017"}],"wp:attachment":[{"href":"https:\/\/www.cge-ra.org\/V16\/wp-json\/wp\/v2\/media?parent=1015"}],"wp:term":[{"taxonomy":"category","embeddable":true,"href":"https:\/\/www.cge-ra.org\/V16\/wp-json\/wp\/v2\/categories?post=1015"},{"taxonomy":"post_tag","embeddable":true,"href":"https:\/\/www.cge-ra.org\/V16\/wp-json\/wp\/v2\/tags?post=1015"}],"curies":[{"name":"wp","href":"https:\/\/api.w.org\/{rel}","templated":true}]}}