{"id":1271,"date":"2015-01-14T11:48:26","date_gmt":"2015-01-14T11:48:26","guid":{"rendered":"http:\/\/www.mestrinasa.com\/cgera\/?p=1271"},"modified":"2018-01-09T20:33:25","modified_gmt":"2018-01-09T20:33:25","slug":"se-realizo-efica-92-otono-invierno-2","status":"publish","type":"post","link":"https:\/\/www.cge-ra.org\/V16\/se-realizo-efica-92-otono-invierno-2\/","title":{"rendered":"Se realiz\u00f3 EFICA 92\u00b4 Oto\u00f1o \u2013 Invierno"},"content":{"rendered":"<div id='gallery-1' class='gallery galleryid-1271 gallery-columns-1 gallery-size-medium'><figure class='gallery-item'>\n\t\t\t<div class='gallery-icon landscape'>\n\t\t\t\t<a href='https:\/\/www.cge-ra.org\/V16\/wp-content\/uploads\/2015\/10\/clazado-2.jpg'><img width=\"300\" height=\"200\" src=\"https:\/\/www.cge-ra.org\/V16\/wp-content\/uploads\/2015\/10\/clazado-2-300x200.jpg\" class=\"attachment-medium size-medium\" alt=\"\" decoding=\"async\" loading=\"lazy\" aria-describedby=\"gallery-1-1272\" srcset=\"https:\/\/www.cge-ra.org\/V16\/wp-content\/uploads\/2015\/10\/clazado-2-300x200.jpg 300w, https:\/\/www.cge-ra.org\/V16\/wp-content\/uploads\/2015\/10\/clazado-2.jpg 600w\" sizes=\"(max-width: 300px) 100vw, 300px\" \/><\/a>\n\t\t\t<\/div>\n\t\t\t\t<figcaption class='wp-caption-text gallery-caption' id='gallery-1-1272'>\n\t\t\t\tD\u00e9bora Giorgi, Alberto Sellaro y Horacio Moschetto recorriendo Efica 92\n\t\t\t\t<\/figcaption><\/figure>\n\t\t<\/div>\n\n<p>El domingo 11, lunes 12 y martes 13 de enero se realiz\u00f3 la exposici\u00f3n m\u00e1s importante de la industria del calzado nacional organizada por la C\u00e1mara de la Industria del Calzado (CIC), socia de CGERA, en el complejo de Costa Salguero.<\/p>\n<p>Efica es un importante encuentro entre fabricantes y comerciantes del calzado argentino que se realiza todas las temporadas. El principal objetivo es que sea un espacio eficiente para la realizaci\u00f3n de nuevos negocios buscando la promoci\u00f3n del dise\u00f1o y de las diferentes marcas argentinas.<\/p>\n<p>La Ministra de Industria, D\u00e9bora Giorgi sostuvo que la industria del calzado \u201ces una de las de mayor crecimiento en los \u00faltimos a\u00f1os, con reconocimiento mundial por su calidad, dise\u00f1o y precio\u201d luego de visitar la exposici\u00f3n acompa\u00f1ada de los secretarios de Planeamiento Estrat\u00e9gico Industrial, Horacio Cepeda; de Pymes, Horacio Roura, y el vicepresidente del Instituto Nacional de Tecnolog\u00eda Industrial (INTI), Jos\u00e9 Luis Esper\u00f3n.<\/p>\n<p>Giorgi destac\u00f3 que el sector \u201cgan\u00f3 una amplia presencia en el mercado local, y debe seguir adquiriendo competitividad y alcanzar m\u00e1s nichos en el exterior\u201d. Adem\u00e1s, agrego que \u201cel \u00e9xito que el rubro obtuvo a partir de su participaci\u00f3n en el programa Ahora 12, con ventas acumuladas por 647 millones de pesos desde la implementaci\u00f3n de la iniciativa, y que representaron el 10 por ciento de las ventas, detr\u00e1s de indumentaria (36%) y de l\u00ednea blanca (20%), con un ticket promedio fue de $ 1.185\u201d.<\/p>\n<p>Por su parte, el presidente de la CIC y Vicepresidente de CGERA, Alberto Sellaro, sostuvo que una de las prioridades es \u201cagregar valor al calzado, profesionalizando la industria, perfeccionando los dise\u00f1os y desarrollando nuevos materiales\u201d, y a\u00f1adi\u00f3: \u201cAcompa\u00f1amos a su vez al modelo productivo nacional\u201d.<\/p>\n<p>En tanto, Horacio Moschetto, secretario de la CIC, asegur\u00f3 que aguarda para el sector \u201cun a\u00f1o de mucho trabajo\u201d e inform\u00f3 a la ministra que \u201chay posibilidades de vender calzados de alta gama a Rusia y Tailandia\u201d.<\/p>\n","protected":false},"excerpt":{"rendered":"<p>Se destac\u00f3 el crecimiento de la industria del calzado y su reconocimiento en el mercado internacional.<\/p>\n","protected":false},"author":1,"featured_media":1272,"comment_status":"closed","ping_status":"closed","sticky":false,"template":"","format":"standard","meta":[],"categories":[1],"tags":[],"_links":{"self":[{"href":"https:\/\/www.cge-ra.org\/V16\/wp-json\/wp\/v2\/posts\/1271"}],"collection":[{"href":"https:\/\/www.cge-ra.org\/V16\/wp-json\/wp\/v2\/posts"}],"about":[{"href":"https:\/\/www.cge-ra.org\/V16\/wp-json\/wp\/v2\/types\/post"}],"author":[{"embeddable":true,"href":"https:\/\/www.cge-ra.org\/V16\/wp-json\/wp\/v2\/users\/1"}],"replies":[{"embeddable":true,"href":"https:\/\/www.cge-ra.org\/V16\/wp-json\/wp\/v2\/comments?post=1271"}],"version-history":[{"count":1,"href":"https:\/\/www.cge-ra.org\/V16\/wp-json\/wp\/v2\/posts\/1271\/revisions"}],"predecessor-version":[{"id":1273,"href":"https:\/\/www.cge-ra.org\/V16\/wp-json\/wp\/v2\/posts\/1271\/revisions\/1273"}],"wp:featuredmedia":[{"embeddable":true,"href":"https:\/\/www.cge-ra.org\/V16\/wp-json\/wp\/v2\/media\/1272"}],"wp:attachment":[{"href":"https:\/\/www.cge-ra.org\/V16\/wp-json\/wp\/v2\/media?parent=1271"}],"wp:term":[{"taxonomy":"category","embeddable":true,"href":"https:\/\/www.cge-ra.org\/V16\/wp-json\/wp\/v2\/categories?post=1271"},{"taxonomy":"post_tag","embeddable":true,"href":"https:\/\/www.cge-ra.org\/V16\/wp-json\/wp\/v2\/tags?post=1271"}],"curies":[{"name":"wp","href":"https:\/\/api.w.org\/{rel}","templated":true}]}}