{"id":1283,"date":"2015-04-06T12:08:31","date_gmt":"2015-04-06T12:08:31","guid":{"rendered":"http:\/\/www.mestrinasa.com\/cgera\/?p=1283"},"modified":"2015-10-20T12:15:33","modified_gmt":"2015-10-20T12:15:33","slug":"nuevos-proyectos-de-formacion-en-salta-2","status":"publish","type":"post","link":"https:\/\/www.cge-ra.org\/V16\/nuevos-proyectos-de-formacion-en-salta-2\/","title":{"rendered":"Nuevos proyectos de formaci\u00f3n en Salta"},"content":{"rendered":"<div id='gallery-1' class='gallery galleryid-1283 gallery-columns-1 gallery-size-medium'><figure class='gallery-item'>\n\t\t\t<div class='gallery-icon landscape'>\n\t\t\t\t<a href='https:\/\/www.cge-ra.org\/V16\/wp-content\/uploads\/2015\/04\/10850142_875647905807255_1520503763537683490_n.jpg'><img width=\"300\" height=\"200\" src=\"https:\/\/www.cge-ra.org\/V16\/wp-content\/uploads\/2015\/04\/10850142_875647905807255_1520503763537683490_n-300x200.jpg\" class=\"attachment-medium size-medium\" alt=\"\" decoding=\"async\" loading=\"lazy\" aria-describedby=\"gallery-1-1274\" srcset=\"https:\/\/www.cge-ra.org\/V16\/wp-content\/uploads\/2015\/04\/10850142_875647905807255_1520503763537683490_n-300x200.jpg 300w, https:\/\/www.cge-ra.org\/V16\/wp-content\/uploads\/2015\/04\/10850142_875647905807255_1520503763537683490_n.jpg 600w\" sizes=\"(max-width: 300px) 100vw, 300px\" \/><\/a>\n\t\t\t<\/div>\n\t\t\t\t<figcaption class='wp-caption-text gallery-caption' id='gallery-1-1274'>\n\t\t\t\tEgresados de los cursos de formaci\u00f3n\n\t\t\t\t<\/figcaption><\/figure>\n\t\t<\/div>\n\n<p>La Confederaci\u00f3n General Empresaria (CGERA) est\u00e1 trabajando en forma conjunta Provincia de Salta y con el Municipio de la Ciudad de Salta a trav\u00e9s de la Escuela de Artes y Oficios y de la Escuela de Administraci\u00f3n P\u00fablica, en forma profesional para realizar un profundo diagn\u00f3stico sobre la situaci\u00f3n de las misiones de los pueblos originarios, espec\u00edficamente la comunidad Wichi, con el fin de desarrollar y dise\u00f1ar una estrategia de formaci\u00f3n profesional para que puedan aprender un oficio, empezar a trabajar de otra manera y buscar otra forma de subsistencia.<\/p>\n<p>Durante la visita se recorri\u00f3 toda la zona del chaco salte\u00f1o, visitamos Embarcaci\u00f3n, San Antonio Este, Tartagal, junto con M\u00f3nica Sladogna, Pablo Madera y el Gerente del Ministerio en la Provincia de Salta, Omar Garcia. Esto permiti\u00f3 elaborar una oferta educativa que se adecue a las necesidades de formaci\u00f3n y perfil productivo de las comunidades de los pueblos originarios que les permita aprender un oficio a trav\u00e9s de la Red de Centros de Formaci\u00f3n Continua CGERA.<\/p>\n<p>Guillermo Siro sostuvo que \u201cen algunas comunidades el 98% de las personas est\u00e1n pensionadas o cobran alg\u00fan plan y otras adem\u00e1s de recibir un plan desarrollan actividades de artesan\u00edas. Vamos a trabajar con un curso de ventas y atenci\u00f3n al cliente, es decir sobre la oferta que hoy tenemos la vamos a adecuar a sus necesidades. Estas comunidades no tienen noci\u00f3n que su artesan\u00eda es un negocio y no le dan valor a su tiempo por una cuesti\u00f3n cultural. Otro problema es que no existe la producci\u00f3n, porque no tienen acceso a la materia prima y no planifican emprendimiento como una actividad econ\u00f3mica con los criterios que tenemos los occidentales\u201d.<\/p>\n<p>Tanto en Embarcaci\u00f3n como en Tartagal se realizar\u00e1n centros donde se ense\u00f1ar\u00e1 Mec\u00e1nica de Motos, Vendedor y Atenci\u00f3n al Cliente. Mientras que en las comunidades originarias se desarrollar\u00e1 un centro m\u00f3vil donde se ense\u00f1ar\u00e1 mec\u00e1nica de motos. Adem\u00e1s, se desarrollaran los programas de promoci\u00f3n y desarrollo de la capacitaci\u00f3n y de emprendimiento con una visi\u00f3n productiva.<\/p>\n<p>\u201cIniciamos un proceso duro porque hay que combatir una cultura de cinco mil a\u00f1os, de recolectores y cazadores, a que tengan y aprendan un oficio\u201d, enfatiz\u00f3 Siro.<\/p>\n<p>Por otro lado, se realiz\u00f3 la entrega de certificados de los cursos de Mec\u00e1nica de Motos, Vendedor y Atenci\u00f3n al Cliente a 137 alumnos egresados de los Centros de Formaci\u00f3n Continua en Asunci\u00f3n, La Paz y Cafayate. El acto se realiz\u00f3 junto a la Escuela de Administraci\u00f3n Publica del Gobierno provincial, al Secretario de la Funci\u00f3n P\u00fablica, Roberto Rovira, y dem\u00e1s funcionarios provinciales y municipales en la Ciudad de La Paz.<\/p>\n<p>Adem\u00e1s, se realiz\u00f3 la entrega de certificados en Marroquiner\u00eda, Confecciones Textiles e introducci\u00f3n a la mec\u00e1nica de motos realizados en la Escuela de Artes y Oficios Municipal de la municipalidad Salte\u00f1a. Al finalizar, se desarrollaron reuniones de capacitaci\u00f3n con los docentes y personal administrativo de la Escuela a fin de perfeccionar los sistemas de administraci\u00f3n de los cursos, en el marco del cumplimiento de los referenciales de Calidad de normas de Gesti\u00f3n que se han certificado con el MTEySS y el IRAM.<\/p>\n","protected":false},"excerpt":{"rendered":"<p>Ense\u00f1aran oficios a las comunidades originarias. Adem\u00e1s, se entregaron certificados en diversos centros de formaci\u00f3n continua de la Provincia de Salta.<\/p>\n","protected":false},"author":1,"featured_media":1274,"comment_status":"closed","ping_status":"closed","sticky":false,"template":"","format":"standard","meta":[],"categories":[5],"tags":[],"_links":{"self":[{"href":"https:\/\/www.cge-ra.org\/V16\/wp-json\/wp\/v2\/posts\/1283"}],"collection":[{"href":"https:\/\/www.cge-ra.org\/V16\/wp-json\/wp\/v2\/posts"}],"about":[{"href":"https:\/\/www.cge-ra.org\/V16\/wp-json\/wp\/v2\/types\/post"}],"author":[{"embeddable":true,"href":"https:\/\/www.cge-ra.org\/V16\/wp-json\/wp\/v2\/users\/1"}],"replies":[{"embeddable":true,"href":"https:\/\/www.cge-ra.org\/V16\/wp-json\/wp\/v2\/comments?post=1283"}],"version-history":[{"count":3,"href":"https:\/\/www.cge-ra.org\/V16\/wp-json\/wp\/v2\/posts\/1283\/revisions"}],"predecessor-version":[{"id":1286,"href":"https:\/\/www.cge-ra.org\/V16\/wp-json\/wp\/v2\/posts\/1283\/revisions\/1286"}],"wp:featuredmedia":[{"embeddable":true,"href":"https:\/\/www.cge-ra.org\/V16\/wp-json\/wp\/v2\/media\/1274"}],"wp:attachment":[{"href":"https:\/\/www.cge-ra.org\/V16\/wp-json\/wp\/v2\/media?parent=1283"}],"wp:term":[{"taxonomy":"category","embeddable":true,"href":"https:\/\/www.cge-ra.org\/V16\/wp-json\/wp\/v2\/categories?post=1283"},{"taxonomy":"post_tag","embeddable":true,"href":"https:\/\/www.cge-ra.org\/V16\/wp-json\/wp\/v2\/tags?post=1283"}],"curies":[{"name":"wp","href":"https:\/\/api.w.org\/{rel}","templated":true}]}}