{"id":1290,"date":"2014-12-15T12:20:41","date_gmt":"2014-12-15T12:20:41","guid":{"rendered":"http:\/\/www.mestrinasa.com\/cgera\/?p=1290"},"modified":"2015-10-20T12:21:22","modified_gmt":"2015-10-20T12:21:22","slug":"centro-de-formacion-textil-en-villa-maria","status":"publish","type":"post","link":"https:\/\/www.cge-ra.org\/V16\/centro-de-formacion-textil-en-villa-maria\/","title":{"rendered":"Centro de Formaci\u00f3n Textil en Villa Mar\u00eda"},"content":{"rendered":"<div id='gallery-1' class='gallery galleryid-1290 gallery-columns-1 gallery-size-medium'><figure class='gallery-item'>\n\t\t\t<div class='gallery-icon landscape'>\n\t\t\t\t<a href='https:\/\/www.cge-ra.org\/V16\/wp-content\/uploads\/2015\/10\/10846318_829246767114036_4070195871646424306_n.jpg'><img width=\"300\" height=\"200\" src=\"https:\/\/www.cge-ra.org\/V16\/wp-content\/uploads\/2015\/10\/10846318_829246767114036_4070195871646424306_n-300x200.jpg\" class=\"attachment-medium size-medium\" alt=\"\" decoding=\"async\" loading=\"lazy\" aria-describedby=\"gallery-1-1291\" srcset=\"https:\/\/www.cge-ra.org\/V16\/wp-content\/uploads\/2015\/10\/10846318_829246767114036_4070195871646424306_n-300x200.jpg 300w, https:\/\/www.cge-ra.org\/V16\/wp-content\/uploads\/2015\/10\/10846318_829246767114036_4070195871646424306_n.jpg 600w\" sizes=\"(max-width: 300px) 100vw, 300px\" \/><\/a>\n\t\t\t<\/div>\n\t\t\t\t<figcaption class='wp-caption-text gallery-caption' id='gallery-1-1291'>\n\t\t\t\tPoniendo en marcha las nuevas m\u00e1quinas del centro\n\t\t\t\t<\/figcaption><\/figure>\n\t\t<\/div>\n\n<p>El Presidente de CGERA, Marcelo Fern\u00e1ndez; el Director de la Red de Centros de Formaci\u00f3n Continua, Guillermo Siro; y el Presidente de CGERA Regional Sur, Facundo Galdos, \u00a0se trasladaron a la ciudad cordobesa de Villa Mar\u00eda para realizar el cl\u00e1sico corte de cintas del centro de formaci\u00f3n textil que se acaba de conformar con la compra de maquinarias y la adecuaci\u00f3n del local, en el que se espera que m\u00e1s de 100 j\u00f3venes inicien los cursos.<\/p>\n<p>Daniel Vera y Sandro Cejas conductores, entre otros, de la cooperativa y responsables de los centro de formaci\u00f3n profesional para m\u00e9canicos de motos y ahora de textil, resaltaron el compromiso de CGERA en el \u00e1rea de capacitaci\u00f3n en los rubros mencionados que son fuente necesaria para la localidad.<\/p>\n<p>Muchos habitantes de la ciudad ya se han egresado del centro de formaci\u00f3n continua CGERA y han emprendido sus propios talleres de motos, logrando as\u00ed mayor inclusi\u00f3n social y competitividad.<\/p>\n","protected":false},"excerpt":{"rendered":"<p>Se inaugur\u00f3 el centro de formaci\u00f3n continua de confecci\u00f3n textil en Villa Mar\u00eda, que funciona en la Sede de Cooperativa del Sol. <\/p>\n","protected":false},"author":1,"featured_media":1291,"comment_status":"closed","ping_status":"closed","sticky":false,"template":"","format":"standard","meta":[],"categories":[5],"tags":[],"_links":{"self":[{"href":"https:\/\/www.cge-ra.org\/V16\/wp-json\/wp\/v2\/posts\/1290"}],"collection":[{"href":"https:\/\/www.cge-ra.org\/V16\/wp-json\/wp\/v2\/posts"}],"about":[{"href":"https:\/\/www.cge-ra.org\/V16\/wp-json\/wp\/v2\/types\/post"}],"author":[{"embeddable":true,"href":"https:\/\/www.cge-ra.org\/V16\/wp-json\/wp\/v2\/users\/1"}],"replies":[{"embeddable":true,"href":"https:\/\/www.cge-ra.org\/V16\/wp-json\/wp\/v2\/comments?post=1290"}],"version-history":[{"count":1,"href":"https:\/\/www.cge-ra.org\/V16\/wp-json\/wp\/v2\/posts\/1290\/revisions"}],"predecessor-version":[{"id":1292,"href":"https:\/\/www.cge-ra.org\/V16\/wp-json\/wp\/v2\/posts\/1290\/revisions\/1292"}],"wp:featuredmedia":[{"embeddable":true,"href":"https:\/\/www.cge-ra.org\/V16\/wp-json\/wp\/v2\/media\/1291"}],"wp:attachment":[{"href":"https:\/\/www.cge-ra.org\/V16\/wp-json\/wp\/v2\/media?parent=1290"}],"wp:term":[{"taxonomy":"category","embeddable":true,"href":"https:\/\/www.cge-ra.org\/V16\/wp-json\/wp\/v2\/categories?post=1290"},{"taxonomy":"post_tag","embeddable":true,"href":"https:\/\/www.cge-ra.org\/V16\/wp-json\/wp\/v2\/tags?post=1290"}],"curies":[{"name":"wp","href":"https:\/\/api.w.org\/{rel}","templated":true}]}}