{"id":1293,"date":"2014-11-27T12:24:14","date_gmt":"2014-11-27T12:24:14","guid":{"rendered":"http:\/\/www.mestrinasa.com\/cgera\/?p=1293"},"modified":"2018-01-09T20:34:38","modified_gmt":"2018-01-09T20:34:38","slug":"entrega-de-certificados-en-el-servicio-penitenciario-de-ezeiza","status":"publish","type":"post","link":"https:\/\/www.cge-ra.org\/V16\/entrega-de-certificados-en-el-servicio-penitenciario-de-ezeiza\/","title":{"rendered":"Entrega de Certificados en el Servicio Penitenciario de Ezeiza"},"content":{"rendered":"<div id='gallery-1' class='gallery galleryid-1293 gallery-columns-1 gallery-size-medium'><figure class='gallery-item'>\n\t\t\t<div class='gallery-icon landscape'>\n\t\t\t\t<a href='https:\/\/www.cge-ra.org\/V16\/wp-content\/uploads\/2015\/10\/carcel-6.jpg'><img width=\"300\" height=\"199\" src=\"https:\/\/www.cge-ra.org\/V16\/wp-content\/uploads\/2015\/10\/carcel-6-300x199.jpg\" class=\"attachment-medium size-medium\" alt=\"\" decoding=\"async\" loading=\"lazy\" aria-describedby=\"gallery-1-1295\" srcset=\"https:\/\/www.cge-ra.org\/V16\/wp-content\/uploads\/2015\/10\/carcel-6-300x199.jpg 300w, https:\/\/www.cge-ra.org\/V16\/wp-content\/uploads\/2015\/10\/carcel-6-310x205.jpg 310w, https:\/\/www.cge-ra.org\/V16\/wp-content\/uploads\/2015\/10\/carcel-6.jpg 600w\" sizes=\"(max-width: 300px) 100vw, 300px\" \/><\/a>\n\t\t\t<\/div>\n\t\t\t\t<figcaption class='wp-caption-text gallery-caption' id='gallery-1-1295'>\n\t\t\t\tLos internos recibieron su certificado de formaci\u00f3n\n\t\t\t\t<\/figcaption><\/figure><figure class='gallery-item'>\n\t\t\t<div class='gallery-icon landscape'>\n\t\t\t\t<a href='https:\/\/www.cge-ra.org\/V16\/wp-content\/uploads\/2015\/10\/carcel-3.jpg'><img width=\"300\" height=\"199\" src=\"https:\/\/www.cge-ra.org\/V16\/wp-content\/uploads\/2015\/10\/carcel-3-300x199.jpg\" class=\"attachment-medium size-medium\" alt=\"\" decoding=\"async\" loading=\"lazy\" aria-describedby=\"gallery-1-1294\" srcset=\"https:\/\/www.cge-ra.org\/V16\/wp-content\/uploads\/2015\/10\/carcel-3-300x199.jpg 300w, https:\/\/www.cge-ra.org\/V16\/wp-content\/uploads\/2015\/10\/carcel-3-310x205.jpg 310w, https:\/\/www.cge-ra.org\/V16\/wp-content\/uploads\/2015\/10\/carcel-3.jpg 600w\" sizes=\"(max-width: 300px) 100vw, 300px\" \/><\/a>\n\t\t\t<\/div>\n\t\t\t\t<figcaption class='wp-caption-text gallery-caption' id='gallery-1-1294'>\n\t\t\t\tLos internos recibieron su certificado de formaci\u00f3n\n\t\t\t\t<\/figcaption><\/figure><figure class='gallery-item'>\n\t\t\t<div class='gallery-icon landscape'>\n\t\t\t\t<a href='https:\/\/www.cge-ra.org\/V16\/wp-content\/uploads\/2015\/10\/carcel-9.jpg'><img width=\"300\" height=\"199\" src=\"https:\/\/www.cge-ra.org\/V16\/wp-content\/uploads\/2015\/10\/carcel-9-300x199.jpg\" class=\"attachment-medium size-medium\" alt=\"\" decoding=\"async\" loading=\"lazy\" aria-describedby=\"gallery-1-1296\" srcset=\"https:\/\/www.cge-ra.org\/V16\/wp-content\/uploads\/2015\/10\/carcel-9-300x199.jpg 300w, https:\/\/www.cge-ra.org\/V16\/wp-content\/uploads\/2015\/10\/carcel-9-310x205.jpg 310w, https:\/\/www.cge-ra.org\/V16\/wp-content\/uploads\/2015\/10\/carcel-9.jpg 600w\" sizes=\"(max-width: 300px) 100vw, 300px\" \/><\/a>\n\t\t\t<\/div>\n\t\t\t\t<figcaption class='wp-caption-text gallery-caption' id='gallery-1-1296'>\n\t\t\t\tGuillermo Siro alentado a la capacitaci\u00f3n\n\t\t\t\t<\/figcaption><\/figure>\n\t\t<\/div>\n\n<p>Desde comienzos del 2014, la Confederaci\u00f3n General Empresaria (CGERA) viene dictando sus cursos de formaci\u00f3n profesional en la C\u00e1rcel de Ezeiza a partir de un trabajo en conjunto con el Ministerio de Trabajo, Empleo y Seguridad Social y el Ministerio de Justicia de la Naci\u00f3n, quienes confiaron en CGERA para este proyecto.<\/p>\n<p>El principal objetivo del proyecto es capacitar a los internos durante su cumplimiento de pena en oficios con salida laboral, con el prop\u00f3sito de que cuando se reinserten en la sociedad tengan las herramientas, pericias y conocimientos para encontrar un trabajo digno en relaci\u00f3n de dependencia o como plan de autoempleo.<\/p>\n<p>El pasado martes 25 de noviembre, se entregaron a m\u00e1s de 130 detenidos los certificados de formaci\u00f3n continua en Confecci\u00f3n Textil y Marroquiner\u00eda.<\/p>\n<p>Participaron del acto el Secretario de Empleo, Mat\u00edas Barroetave\u00f1a; el responsable de formaci\u00f3n dentro del Ministerio de Trabajo, Alejandro Bonomo; el asesor del MTEySS, Marcelo Mu\u00f1iz; el Subjefe del Servicio Penitenciario Federal; Marcelo Fern\u00e1ndez, Presidente de CGERA; y Guillermo Siro, Director de la Red de Centros de Formaci\u00f3n Continua.<\/p>\n<p>Marcelo Fern\u00e1ndez sostuvo que \u201cFue realmente emotivo entregar los distintos certificados pensando en la reinserci\u00f3n social de quienes est\u00e1n terminando de cumplir su condena y pretenden tener un oficio que les permita trabajar en el corto plazo, en sus propios emprendimientos\u201d.<\/p>\n<p>Adem\u00e1s, manifest\u00f3 que \u201cCGERA no mira para otro lado cuando se trata de la responsabilidad social de los empresarios ya que estuvimos dictando los cursos en el penal de Ezeiza con el mismo profesionalismo que lo hacemos en cada centro que tenemos en todo el pa\u00eds\u201d.<\/p>\n<p>Por su parte, Guillermo Siro destac\u00f3 \u201cTodo el esfuerzo y compromiso que la red de formaci\u00f3n continua CGERA tiene en la generaci\u00f3n de empleo, inclusi\u00f3n social y desarrollo de oportunidades a los trabajadores ocupados y desocupados que a trav\u00e9s de un trabajo digno y decente quieren alcanzar sus sue\u00f1os y contribuir al desarrollo colectivo de la sociedad en su conjunto\u201d.<\/p>\n","protected":false},"excerpt":{"rendered":"<p>M\u00e1s de 130 certificados entregados por los cursos de confecci\u00f3n textil y marroquiner\u00eda.<\/p>\n","protected":false},"author":1,"featured_media":1295,"comment_status":"closed","ping_status":"closed","sticky":false,"template":"","format":"standard","meta":[],"categories":[1],"tags":[],"_links":{"self":[{"href":"https:\/\/www.cge-ra.org\/V16\/wp-json\/wp\/v2\/posts\/1293"}],"collection":[{"href":"https:\/\/www.cge-ra.org\/V16\/wp-json\/wp\/v2\/posts"}],"about":[{"href":"https:\/\/www.cge-ra.org\/V16\/wp-json\/wp\/v2\/types\/post"}],"author":[{"embeddable":true,"href":"https:\/\/www.cge-ra.org\/V16\/wp-json\/wp\/v2\/users\/1"}],"replies":[{"embeddable":true,"href":"https:\/\/www.cge-ra.org\/V16\/wp-json\/wp\/v2\/comments?post=1293"}],"version-history":[{"count":1,"href":"https:\/\/www.cge-ra.org\/V16\/wp-json\/wp\/v2\/posts\/1293\/revisions"}],"predecessor-version":[{"id":1297,"href":"https:\/\/www.cge-ra.org\/V16\/wp-json\/wp\/v2\/posts\/1293\/revisions\/1297"}],"wp:featuredmedia":[{"embeddable":true,"href":"https:\/\/www.cge-ra.org\/V16\/wp-json\/wp\/v2\/media\/1295"}],"wp:attachment":[{"href":"https:\/\/www.cge-ra.org\/V16\/wp-json\/wp\/v2\/media?parent=1293"}],"wp:term":[{"taxonomy":"category","embeddable":true,"href":"https:\/\/www.cge-ra.org\/V16\/wp-json\/wp\/v2\/categories?post=1293"},{"taxonomy":"post_tag","embeddable":true,"href":"https:\/\/www.cge-ra.org\/V16\/wp-json\/wp\/v2\/tags?post=1293"}],"curies":[{"name":"wp","href":"https:\/\/api.w.org\/{rel}","templated":true}]}}