{"id":1298,"date":"2014-11-10T12:24:57","date_gmt":"2014-11-10T12:24:57","guid":{"rendered":"http:\/\/www.mestrinasa.com\/cgera\/?p=1298"},"modified":"2018-01-09T20:34:42","modified_gmt":"2018-01-09T20:34:42","slug":"cgera-firma-convenio-con-carlos-tomada-y-julio-pereyra","status":"publish","type":"post","link":"https:\/\/www.cge-ra.org\/V16\/cgera-firma-convenio-con-carlos-tomada-y-julio-pereyra\/","title":{"rendered":"CGERA firma convenio con Carlos Tomada y Julio Pereyra"},"content":{"rendered":"<div id='gallery-1' class='gallery galleryid-1298 gallery-columns-1 gallery-size-medium'><figure class='gallery-item'>\n\t\t\t<div class='gallery-icon landscape'>\n\t\t\t\t<a href='https:\/\/www.cge-ra.org\/V16\/wp-content\/uploads\/2015\/10\/varela-11.jpg'><img width=\"300\" height=\"200\" src=\"https:\/\/www.cge-ra.org\/V16\/wp-content\/uploads\/2015\/10\/varela-11-300x200.jpg\" class=\"attachment-medium size-medium\" alt=\"\" decoding=\"async\" loading=\"lazy\" aria-describedby=\"gallery-1-1299\" srcset=\"https:\/\/www.cge-ra.org\/V16\/wp-content\/uploads\/2015\/10\/varela-11-300x200.jpg 300w, https:\/\/www.cge-ra.org\/V16\/wp-content\/uploads\/2015\/10\/varela-11.jpg 600w\" sizes=\"(max-width: 300px) 100vw, 300px\" \/><\/a>\n\t\t\t<\/div>\n\t\t\t\t<figcaption class='wp-caption-text gallery-caption' id='gallery-1-1299'>\n\t\t\t\tActo de entrega de Certificados en Florencio Varela \n\t\t\t\t<\/figcaption><\/figure>\n\t\t<\/div>\n\n<p>La Confederaci\u00f3n General Empresaria (CGERA) firm\u00f3 un convenio entre las empresas asociadas a la Delegaci\u00f3n Regional Sur junto al Ministerio de Trabajo y la Municipalidad de Florencio Varela. En paralelo se realiz\u00f3 el acto de entrega de certificados a los alumnos de mec\u00e1nica de motos y gesti\u00f3n pyme que egresaron del Centro de Formaci\u00f3n Continua de Florencio Varela.<\/p>\n<p>El acto se realiz\u00f3 en el Polideportivo \u00abLa Patriada\u00bb y participaron el Ministro de Trabajo, Carlos Tomada; el Intendente de Florencio Varela, Julio Pereyra; el Secretario de Empleo, Mat\u00edas Barroetave\u00f1a; el Presidente de CGERA, Marcelo Fern\u00e1ndez; el Director de la Red de Centros de Formaci\u00f3n Continua CGERA, Guillermo Siro; y el Presidente de la Delegaci\u00f3n Sur de CGERA, Facundo Galdos. Tambi\u00e9n, estuvieron la Directora de Fortalecimiento Institucional, Lic. M\u00f3nica Sladogna; y el Presidente de la Uni\u00f3n Industrial de Berazategui, Daniel Rosato.<\/p>\n<p>Tomada sostuvo que \u00abcon esfuerzo habr\u00e1 en el pa\u00eds oportunidades para todos\u00bb y agreg\u00f3 que \u00abno hay posibilidad de desarrollo con inclusi\u00f3n social si no es con empresarios nacionales\u00bb.<\/p>\n<p>El ministro tambi\u00e9n destac\u00f3 que es preciso \u00abcontinuar trabajando a diario por el trabajo\u00bb y que \u00abesa es la Argentina que se quiere\u00bb.<\/p>\n<p>Marcelo Fern\u00e1ndez sostuvo que \u201cseguimos trabajando para que los Empresarios Nacionales encuentren mano de obra calificada y capacitada en todos los rubros, pronto tendremos una red de 30 centros a lo largo y ancho del territorio nacional\u201d.<\/p>\n<p>Pereyra dijo que todo \u00ablo que ocurre en la Argentina se relaciona con decisiones pol\u00edticas\u00bb y afirm\u00f3 que el actual es \u00abel pa\u00eds so\u00f1ado que se est\u00e1 construyendo, en el que las oportunidades pueden alcanzar al conjunto\u00bb.<\/p>\n<p>Guillermo Siro indic\u00f3 que \u201cen 60 d\u00edas dictamos y dictaremos 50 cursos de formaci\u00f3n profesional, y si tomamos un promedio de 25 alumnos cada uno, la Red de Centros de CGERA estar\u00e1 formando y trasmitiendo saberes a un promedio de 1.250 alumnos en todo el territorio argentino\u201d.<\/p>\n","protected":false},"excerpt":{"rendered":"<p>El acuerdo firmado busca proteger el empleo y promover la formaci\u00f3n de trabajadores. <\/p>\n","protected":false},"author":1,"featured_media":1299,"comment_status":"closed","ping_status":"closed","sticky":false,"template":"","format":"standard","meta":[],"categories":[1],"tags":[],"_links":{"self":[{"href":"https:\/\/www.cge-ra.org\/V16\/wp-json\/wp\/v2\/posts\/1298"}],"collection":[{"href":"https:\/\/www.cge-ra.org\/V16\/wp-json\/wp\/v2\/posts"}],"about":[{"href":"https:\/\/www.cge-ra.org\/V16\/wp-json\/wp\/v2\/types\/post"}],"author":[{"embeddable":true,"href":"https:\/\/www.cge-ra.org\/V16\/wp-json\/wp\/v2\/users\/1"}],"replies":[{"embeddable":true,"href":"https:\/\/www.cge-ra.org\/V16\/wp-json\/wp\/v2\/comments?post=1298"}],"version-history":[{"count":1,"href":"https:\/\/www.cge-ra.org\/V16\/wp-json\/wp\/v2\/posts\/1298\/revisions"}],"predecessor-version":[{"id":1301,"href":"https:\/\/www.cge-ra.org\/V16\/wp-json\/wp\/v2\/posts\/1298\/revisions\/1301"}],"wp:featuredmedia":[{"embeddable":true,"href":"https:\/\/www.cge-ra.org\/V16\/wp-json\/wp\/v2\/media\/1299"}],"wp:attachment":[{"href":"https:\/\/www.cge-ra.org\/V16\/wp-json\/wp\/v2\/media?parent=1298"}],"wp:term":[{"taxonomy":"category","embeddable":true,"href":"https:\/\/www.cge-ra.org\/V16\/wp-json\/wp\/v2\/categories?post=1298"},{"taxonomy":"post_tag","embeddable":true,"href":"https:\/\/www.cge-ra.org\/V16\/wp-json\/wp\/v2\/tags?post=1298"}],"curies":[{"name":"wp","href":"https:\/\/api.w.org\/{rel}","templated":true}]}}