{"id":1307,"date":"2014-10-08T10:37:57","date_gmt":"2014-10-08T10:37:57","guid":{"rendered":"http:\/\/www.cge-ra.org\/V16\/?p=1307"},"modified":"2015-10-21T10:39:24","modified_gmt":"2015-10-21T10:39:24","slug":"conforman-el-primer-consejo-de-formacion-continua","status":"publish","type":"post","link":"https:\/\/www.cge-ra.org\/V16\/conforman-el-primer-consejo-de-formacion-continua\/","title":{"rendered":"Conforman el primer consejo de formaci\u00f3n continua"},"content":{"rendered":"<div id='gallery-1' class='gallery galleryid-1307 gallery-columns-1 gallery-size-medium'><figure class='gallery-item'>\n\t\t\t<div class='gallery-icon landscape'>\n\t\t\t\t<a href='https:\/\/www.cge-ra.org\/V16\/wp-content\/uploads\/2015\/10\/consejo-formacion-cont-2.jpg'><img width=\"300\" height=\"200\" src=\"https:\/\/www.cge-ra.org\/V16\/wp-content\/uploads\/2015\/10\/consejo-formacion-cont-2-300x200.jpg\" class=\"attachment-medium size-medium\" alt=\"\" decoding=\"async\" loading=\"lazy\" srcset=\"https:\/\/www.cge-ra.org\/V16\/wp-content\/uploads\/2015\/10\/consejo-formacion-cont-2-300x200.jpg 300w, https:\/\/www.cge-ra.org\/V16\/wp-content\/uploads\/2015\/10\/consejo-formacion-cont-2.jpg 600w\" sizes=\"(max-width: 300px) 100vw, 300px\" \/><\/a>\n\t\t\t<\/div><\/figure>\n\t\t<\/div>\n\n<p>Marcelo Fern\u00e1ndez, presidente de la Confederaci\u00f3n General Empresaria (CGERA) particip\u00f3 hoy del acto de conformaci\u00f3n del \u00abPrimer Consejo Nacional de Formaci\u00f3n Continua: Di\u00e1logo Social y Empleo\u00bb realizado en un hotel de la Ciudad de Buenos Aires.<\/p>\n<p>Estuvieron presentes el Jefe de Gabinete, Jorge Capitanich; el Ministro de Trabajo Carlos Tomada; el Ministro de Planificaci\u00f3n Federal e Inversi\u00f3n P\u00fablica, Julio De Vido; el Ministro de Econom\u00eda Axel Kicillof, entre otros funcionarios.<\/p>\n<p>\u201cQue se institucionalice este espacio de trabajo es darle la relevancia que corresponde a la formaci\u00f3n continua, eje en el cual venimos trabajando excelentemente hace a\u00f1os con el Ministerio de Trabajo y los sindicatos, ya que es un compromiso con el presente y el futuro\u201d destac\u00f3 Fern\u00e1ndez.<\/p>\n<p>La Confederaci\u00f3n General Empresaria posee 18 centros de formaci\u00f3n continua en 8 provincias del pa\u00eds, en los cuales, desde 2012, se han formado aproximadamente 2500 trabajadores, m\u00e1s los que se encuentran actualmente en el proceso.<\/p>\n<p>Durante el encuentro, el Ministro de Trabajo, Carlos Tomada expres\u00f3 que \u201cel nuevo nombre de la justicia social es la formaci\u00f3n profesional\u201d y remarc\u00f3 que la necesidad de la formaci\u00f3n continua de los trabajadores \u201ces un punto de encuentro con los empresarios para avanzar en el crecimiento\u201d.<\/p>\n<p>Tomada indic\u00f3 que para la capacitaci\u00f3n de los trabajadores se invirtieron 2.200 millones de pesos. Y destac\u00f3 que del proceso de formaci\u00f3n participaron\u00a0 135 organizaciones sindicales, 43 organismos estatales, 1.300 empresas y\u00a0 112 organizaciones sociales.<\/p>\n<p>Participaron adem\u00e1s el Secretario General de la CGT, Antonio Cal\u00f3 y el Vicepresidente de la Uni\u00f3n Industrial, Funes de Rioja. Por la CGERA, acompa\u00f1\u00f3 al presidente el Coordinador de los Centros de Formaci\u00f3n, Guillermo Siro adem\u00e1s de un grupo de presidentes de las c\u00e1maras socias de la entidad.<\/p>\n","protected":false},"excerpt":{"rendered":"<p>Lo integran \u00e1reas de gobierno, c\u00e1maras empresarias y sindicatos. El desaf\u00edo ser\u00e1 la defensa de los puestos de trabajo y la generaci\u00f3n de empleo registrado.<\/p>\n","protected":false},"author":1,"featured_media":1308,"comment_status":"closed","ping_status":"closed","sticky":false,"template":"","format":"standard","meta":[],"categories":[5],"tags":[],"_links":{"self":[{"href":"https:\/\/www.cge-ra.org\/V16\/wp-json\/wp\/v2\/posts\/1307"}],"collection":[{"href":"https:\/\/www.cge-ra.org\/V16\/wp-json\/wp\/v2\/posts"}],"about":[{"href":"https:\/\/www.cge-ra.org\/V16\/wp-json\/wp\/v2\/types\/post"}],"author":[{"embeddable":true,"href":"https:\/\/www.cge-ra.org\/V16\/wp-json\/wp\/v2\/users\/1"}],"replies":[{"embeddable":true,"href":"https:\/\/www.cge-ra.org\/V16\/wp-json\/wp\/v2\/comments?post=1307"}],"version-history":[{"count":1,"href":"https:\/\/www.cge-ra.org\/V16\/wp-json\/wp\/v2\/posts\/1307\/revisions"}],"predecessor-version":[{"id":1309,"href":"https:\/\/www.cge-ra.org\/V16\/wp-json\/wp\/v2\/posts\/1307\/revisions\/1309"}],"wp:featuredmedia":[{"embeddable":true,"href":"https:\/\/www.cge-ra.org\/V16\/wp-json\/wp\/v2\/media\/1308"}],"wp:attachment":[{"href":"https:\/\/www.cge-ra.org\/V16\/wp-json\/wp\/v2\/media?parent=1307"}],"wp:term":[{"taxonomy":"category","embeddable":true,"href":"https:\/\/www.cge-ra.org\/V16\/wp-json\/wp\/v2\/categories?post=1307"},{"taxonomy":"post_tag","embeddable":true,"href":"https:\/\/www.cge-ra.org\/V16\/wp-json\/wp\/v2\/tags?post=1307"}],"curies":[{"name":"wp","href":"https:\/\/api.w.org\/{rel}","templated":true}]}}