{"id":1314,"date":"2014-10-02T10:43:55","date_gmt":"2014-10-02T10:43:55","guid":{"rendered":"http:\/\/www.cge-ra.org\/V16\/?p=1314"},"modified":"2018-01-09T20:34:51","modified_gmt":"2018-01-09T20:34:51","slug":"la-confederacion-general-empresaria-difundira-el-programa-proemplear","status":"publish","type":"post","link":"https:\/\/www.cge-ra.org\/V16\/la-confederacion-general-empresaria-difundira-el-programa-proemplear\/","title":{"rendered":"La Confederaci\u00f3n General Empresaria difundir\u00e1 el programa PROEMPLEAR"},"content":{"rendered":"<div id='gallery-1' class='gallery galleryid-1314 gallery-columns-1 gallery-size-medium'><figure class='gallery-item'>\n\t\t\t<div class='gallery-icon landscape'>\n\t\t\t\t<a href='https:\/\/www.cge-ra.org\/V16\/wp-content\/uploads\/2015\/10\/IMG-20141002-WA0022_600x450.jpg'><img width=\"300\" height=\"200\" src=\"https:\/\/www.cge-ra.org\/V16\/wp-content\/uploads\/2015\/10\/IMG-20141002-WA0022_600x450-300x200.jpg\" class=\"attachment-medium size-medium\" alt=\"\" decoding=\"async\" loading=\"lazy\" aria-describedby=\"gallery-1-1315\" srcset=\"https:\/\/www.cge-ra.org\/V16\/wp-content\/uploads\/2015\/10\/IMG-20141002-WA0022_600x450-300x200.jpg 300w, https:\/\/www.cge-ra.org\/V16\/wp-content\/uploads\/2015\/10\/IMG-20141002-WA0022_600x450.jpg 600w\" sizes=\"(max-width: 300px) 100vw, 300px\" \/><\/a>\n\t\t\t<\/div>\n\t\t\t\t<figcaption class='wp-caption-text gallery-caption' id='gallery-1-1315'>\n\t\t\t\tProEmplear es una herramienta de empleo y oportunidad para la inclusi\u00f3n.\n\t\t\t\t<\/figcaption><\/figure>\n\t\t<\/div>\n\n<p>El Ministerio de Trabajo realiz\u00f3 la presentaci\u00f3n del programa PROEMPLEAR, el cual fue lanzado por la Presidenta el 6 de agosto, y se buscar\u00e1 expandirlo. En cuento a los programas de capacitaci\u00f3n, se habilit\u00f3 en el Portal de Empleo, el acceso para empleadores en donde se podr\u00e1n postular empleados para que puedan ser capacitados.<\/p>\n<p>Adem\u00e1s, se inform\u00f3 la reglamentaci\u00f3n de la ley de promoci\u00f3n de trabajo registrado y la prevenci\u00f3n del fraude laboral. Los equipos t\u00e9cnicos de la Secretar\u00eda de Trabajo estar\u00e1n a disposici\u00f3n para que las entidades empresarias acudan para una explicaci\u00f3n sobre las caracter\u00edsticas de la reglamentaci\u00f3n.<\/p>\n<p>En cuanto al programa PROEMPLEAR, las entidades empresarias podr\u00e1n proponer a empresas que ameriten recibir apoyo por encontrarse en una verdadera situaci\u00f3n de crisis. Las entidades empresarias realizar\u00e1n tambi\u00e9n la difusi\u00f3n del programa utilizando sus distintos medios de comunicaci\u00f3n.<\/p>\n<p>\u201cParticularmente este conjunto de herramientas es una respuesta a las demandas de los empresarios y va no s\u00f3lo a trabajar sobre la generaci\u00f3n de empleo sino para incrementar el empleo registrado\u201d dijo Barrotave\u00f1a.<\/p>\n<p>\u201cVamos a acompa\u00f1ar a las peque\u00f1as empresas para que se puedan legalizar a sus trabajadores\u201d. El funcionario tambi\u00e9n dedic\u00f3 unos minutos para analizar el tema de los indicadores industriales diciendo que \u201cla ca\u00edda industria no es en todos los sectores, es en el sector automotriz y en algunos sectores m\u00e1s\u201d.<\/p>\n<p>Inform\u00f3 que en el consejo del salario se cre\u00f3 un observatorio de la empresa. Integrar\u00e1 a CGT, CTA, la UIA y las entidades representantes de las pymes como CGERA. \u201cEs para tener pol\u00edticas inteligentes, para ver d\u00f3nde el Estado tiene que invertir y enfocar sus herramientas\u201d Va a ser una comisi\u00f3n que va a trabajar de forma permanente donde se consolidar\u00e1n los datos que tienen todos, escuchando a todas las cadenas de valor\u201d.<\/p>\n<p>Fern\u00e1ndez destac\u00f3 los programas y la metodolog\u00eda de trabajo del Ministerio: \u201ctenemos un Ministerio que si bien tiene el rol de atender principalmente a los sectores del trabajo, ha demostrado que no s\u00f3lo tiene las puertas abiertas a los empresarios pymes nacionales sino que conformamos con sus funcionarios un equipo de trabajo fusionado y muy din\u00e1mico para lograr crear nuevas fuentes de trabajo y combatir el trabajo no registrado\u201d.<\/p>\n<p>Guillermo Siro, Director de la Red de Centro de Formaci\u00f3n, sostuvo que \u201cla CGERA va a difundir el programa entre su comisi\u00f3n directiva, como lo viene haciendo con otros incentivos que ofrece el ministerio. Seguiremos aportando a la inclusi\u00f3n social y competitividad de las Pymes desde el desarrollo de nuestra Red de Centros de Formaci\u00f3n Continua, que cada d\u00eda crece m\u00e1s y m\u00e1s\u201d.<\/p>\n<p>Estuvo presente tambi\u00e9n Mar\u00eda Jos\u00e9 Lubertino, titular del \u201cObservatorio de Derechos de las Personas con Discapacidad\u201d y Lina Rivas, encargada del Programa de Recuperaci\u00f3n Productiva (REPRO).<\/p>\n<p>Lubertino inform\u00f3 que est\u00e1 analizando incorporar a los Convenios Colectivos de Trabajo aspectos que tienen que ver con la discapacidad. \u201cUno es cuando la persona que tiene un accidente y queda con alguna discapacidad, la idea es que conserve la fuente de trabajo. Una segunda cuesti\u00f3n es la inclusi\u00f3n de la gente con discapacidad y una tercera es la tarea de quienes tienen a cargo la conducci\u00f3n en las empresas de la gente con discapacidad\u201d. Coment\u00f3 adem\u00e1s que se reuni\u00f3 con las cuatro entidades gremiales. Tambi\u00e9n buscar\u00e1n prolongar las exigencias de contrataci\u00f3n para \u00e1reas del Estado a las empresas que sean contratadas por el Estado.<\/p>\n","protected":false},"excerpt":{"rendered":"<p>Marcelo Fern\u00e1ndez, presidente de la Confederaci\u00f3n General empresaria (CGERA) particip\u00f3 de una reuni\u00f3n en el Ministerio de Trabajo con el Secretario de Empleo, Mat\u00edas Barrotave\u00f1a. Estuvo acompa\u00f1ado de Guillermo Siro, articulador de los programas que la CGERA emprende junto con el Ministerio.<\/p>\n","protected":false},"author":1,"featured_media":1315,"comment_status":"closed","ping_status":"closed","sticky":false,"template":"","format":"standard","meta":[],"categories":[1],"tags":[],"_links":{"self":[{"href":"https:\/\/www.cge-ra.org\/V16\/wp-json\/wp\/v2\/posts\/1314"}],"collection":[{"href":"https:\/\/www.cge-ra.org\/V16\/wp-json\/wp\/v2\/posts"}],"about":[{"href":"https:\/\/www.cge-ra.org\/V16\/wp-json\/wp\/v2\/types\/post"}],"author":[{"embeddable":true,"href":"https:\/\/www.cge-ra.org\/V16\/wp-json\/wp\/v2\/users\/1"}],"replies":[{"embeddable":true,"href":"https:\/\/www.cge-ra.org\/V16\/wp-json\/wp\/v2\/comments?post=1314"}],"version-history":[{"count":1,"href":"https:\/\/www.cge-ra.org\/V16\/wp-json\/wp\/v2\/posts\/1314\/revisions"}],"predecessor-version":[{"id":1316,"href":"https:\/\/www.cge-ra.org\/V16\/wp-json\/wp\/v2\/posts\/1314\/revisions\/1316"}],"wp:featuredmedia":[{"embeddable":true,"href":"https:\/\/www.cge-ra.org\/V16\/wp-json\/wp\/v2\/media\/1315"}],"wp:attachment":[{"href":"https:\/\/www.cge-ra.org\/V16\/wp-json\/wp\/v2\/media?parent=1314"}],"wp:term":[{"taxonomy":"category","embeddable":true,"href":"https:\/\/www.cge-ra.org\/V16\/wp-json\/wp\/v2\/categories?post=1314"},{"taxonomy":"post_tag","embeddable":true,"href":"https:\/\/www.cge-ra.org\/V16\/wp-json\/wp\/v2\/tags?post=1314"}],"curies":[{"name":"wp","href":"https:\/\/api.w.org\/{rel}","templated":true}]}}