{"id":1317,"date":"2014-09-25T10:46:13","date_gmt":"2014-09-25T10:46:13","guid":{"rendered":"http:\/\/www.cge-ra.org\/V16\/?p=1317"},"modified":"2018-01-09T20:34:53","modified_gmt":"2018-01-09T20:34:53","slug":"reunion-de-cgera-junto-a-ministra-debora-giorgi-y-la-intendenta-de-rawson","status":"publish","type":"post","link":"https:\/\/www.cge-ra.org\/V16\/reunion-de-cgera-junto-a-ministra-debora-giorgi-y-la-intendenta-de-rawson\/","title":{"rendered":"Reuni\u00f3n de CGERA junto a Ministra D\u00e9bora Giorgi y la Intendenta de Rawson"},"content":{"rendered":"<div id='gallery-1' class='gallery galleryid-1317 gallery-columns-1 gallery-size-medium'><figure class='gallery-item'>\n\t\t\t<div class='gallery-icon landscape'>\n\t\t\t\t<a href='https:\/\/www.cge-ra.org\/V16\/wp-content\/uploads\/2015\/10\/IMG_2829.jpg'><img width=\"300\" height=\"200\" src=\"https:\/\/www.cge-ra.org\/V16\/wp-content\/uploads\/2015\/10\/IMG_2829-300x200.jpg\" class=\"attachment-medium size-medium\" alt=\"\" decoding=\"async\" loading=\"lazy\" aria-describedby=\"gallery-1-1318\" srcset=\"https:\/\/www.cge-ra.org\/V16\/wp-content\/uploads\/2015\/10\/IMG_2829-300x200.jpg 300w, https:\/\/www.cge-ra.org\/V16\/wp-content\/uploads\/2015\/10\/IMG_2829.jpg 600w\" sizes=\"(max-width: 300px) 100vw, 300px\" \/><\/a>\n\t\t\t<\/div>\n\t\t\t\t<figcaption class='wp-caption-text gallery-caption' id='gallery-1-1318'>\n\t\t\t\tMarcelo Fern\u00e1ndez junto a Rossana Artero y D\u00e9bora Giorgi en el Ministerio de Industria\n\t\t\t\t<\/figcaption><\/figure>\n\t\t<\/div>\n\n<p>La Confederaci\u00f3n General Empresaria (CGERA) particip\u00f3 de la reuni\u00f3n junto a la Ministro de Industria de la Naci\u00f3n, Lic. D\u00e9bora Giorgi y la Intendenta de Rawson, Ing. Rossana Artero donde se habl\u00f3 sobre la aprobaci\u00f3n del Parque Industrial de la Ciudad de Rawson, Capital de la Provincia de Chubut.<\/p>\n<p>La Ministro de Industria, inform\u00f3 que el expediente se encuentra pronto a resoluci\u00f3n y que el d\u00eda 2 de Octubre en la Ciudad de Rio Gallegos se realizar\u00e1 un evento de parques industriales, al que invit\u00f3 a la Intendenta y a CGERA a participar. Durante el encuentro se le otorgar\u00e1 el n\u00famero RENPI al parque de Rawson el cual solicitado hace tiempo por las autoridades locales.<\/p>\n<p>Por otra parte, se program\u00f3 una visita de los funcionarios del Ministerio de Industria a Rawson para mostrar todas las herramientas de financiamiento que la cartera ofrece al sector empresario.<\/p>\n<p>Rossana Artero, agradeci\u00f3 por la reuni\u00f3n tanto a CGERA como a Giorgi, quien pondr\u00e1 a su disposici\u00f3n el \u00e1rea de parques industriales del organismo para que comiencen con los planes de obra y servicios necesarios.<\/p>\n<p>\u00abAgradezco a la Licenciada D\u00e9bora Giorgi y en nombre de ella al Gobierno Nacional por darnos la posibilidad de a partir del 2 de Octubre tener nuestro n\u00famero de RENPI tan ansiado por nosotros. Hoy es un d\u00eda muy importante para el empresariado de Rawson y para m\u00ed como Intendenta porque lo que m\u00e1s me motiva es llevar soluciones para mi ciudad\u00bb, dijo Artero al salir de la reuni\u00f3n.<\/p>\n","protected":false},"excerpt":{"rendered":"<p>El eje de la reuni\u00f3n fue el Parque Industrial de Rawson que ya cumple las condiciones para aprobarse y comenzar con las instalaciones correspondientes.<\/p>\n","protected":false},"author":1,"featured_media":1318,"comment_status":"closed","ping_status":"closed","sticky":false,"template":"","format":"standard","meta":[],"categories":[1],"tags":[],"_links":{"self":[{"href":"https:\/\/www.cge-ra.org\/V16\/wp-json\/wp\/v2\/posts\/1317"}],"collection":[{"href":"https:\/\/www.cge-ra.org\/V16\/wp-json\/wp\/v2\/posts"}],"about":[{"href":"https:\/\/www.cge-ra.org\/V16\/wp-json\/wp\/v2\/types\/post"}],"author":[{"embeddable":true,"href":"https:\/\/www.cge-ra.org\/V16\/wp-json\/wp\/v2\/users\/1"}],"replies":[{"embeddable":true,"href":"https:\/\/www.cge-ra.org\/V16\/wp-json\/wp\/v2\/comments?post=1317"}],"version-history":[{"count":1,"href":"https:\/\/www.cge-ra.org\/V16\/wp-json\/wp\/v2\/posts\/1317\/revisions"}],"predecessor-version":[{"id":1319,"href":"https:\/\/www.cge-ra.org\/V16\/wp-json\/wp\/v2\/posts\/1317\/revisions\/1319"}],"wp:featuredmedia":[{"embeddable":true,"href":"https:\/\/www.cge-ra.org\/V16\/wp-json\/wp\/v2\/media\/1318"}],"wp:attachment":[{"href":"https:\/\/www.cge-ra.org\/V16\/wp-json\/wp\/v2\/media?parent=1317"}],"wp:term":[{"taxonomy":"category","embeddable":true,"href":"https:\/\/www.cge-ra.org\/V16\/wp-json\/wp\/v2\/categories?post=1317"},{"taxonomy":"post_tag","embeddable":true,"href":"https:\/\/www.cge-ra.org\/V16\/wp-json\/wp\/v2\/tags?post=1317"}],"curies":[{"name":"wp","href":"https:\/\/api.w.org\/{rel}","templated":true}]}}