{"id":1320,"date":"2014-09-11T10:47:46","date_gmt":"2014-09-11T10:47:46","guid":{"rendered":"http:\/\/www.cge-ra.org\/V16\/?p=1320"},"modified":"2018-01-09T20:34:57","modified_gmt":"2018-01-09T20:34:57","slug":"amplia-participacion-de-cgera-en-el-dia-de-la-industria","status":"publish","type":"post","link":"https:\/\/www.cge-ra.org\/V16\/amplia-participacion-de-cgera-en-el-dia-de-la-industria\/","title":{"rendered":"Amplia participaci\u00f3n de CGERA en el D\u00eda de la Industria"},"content":{"rendered":"<div id='gallery-1' class='gallery galleryid-1320 gallery-columns-1 gallery-size-medium'><figure class='gallery-item'>\n\t\t\t<div class='gallery-icon landscape'>\n\t\t\t\t<a href='https:\/\/www.cge-ra.org\/V16\/wp-content\/uploads\/2015\/10\/EMD_5319.jpg'><img width=\"300\" height=\"200\" src=\"https:\/\/www.cge-ra.org\/V16\/wp-content\/uploads\/2015\/10\/EMD_5319-300x200.jpg\" class=\"attachment-medium size-medium\" alt=\"\" decoding=\"async\" loading=\"lazy\" aria-describedby=\"gallery-1-1321\" srcset=\"https:\/\/www.cge-ra.org\/V16\/wp-content\/uploads\/2015\/10\/EMD_5319-300x200.jpg 300w, https:\/\/www.cge-ra.org\/V16\/wp-content\/uploads\/2015\/10\/EMD_5319.jpg 600w\" sizes=\"(max-width: 300px) 100vw, 300px\" \/><\/a>\n\t\t\t<\/div>\n\t\t\t\t<figcaption class='wp-caption-text gallery-caption' id='gallery-1-1321'>\n\t\t\t\tLa Presidenta de la Naci\u00f3n durante su discurso junto a la Mesa Principal\n\t\t\t\t<\/figcaption><\/figure><figure class='gallery-item'>\n\t\t\t<div class='gallery-icon landscape'>\n\t\t\t\t<a href='https:\/\/www.cge-ra.org\/V16\/wp-content\/uploads\/2015\/10\/2014-10-09-DIA-DE-LA-INDUSTRIA-030.jpg'><img width=\"300\" height=\"200\" src=\"https:\/\/www.cge-ra.org\/V16\/wp-content\/uploads\/2015\/10\/2014-10-09-DIA-DE-LA-INDUSTRIA-030-300x200.jpg\" class=\"attachment-medium size-medium\" alt=\"\" decoding=\"async\" loading=\"lazy\" aria-describedby=\"gallery-1-1322\" srcset=\"https:\/\/www.cge-ra.org\/V16\/wp-content\/uploads\/2015\/10\/2014-10-09-DIA-DE-LA-INDUSTRIA-030-300x200.jpg 300w, https:\/\/www.cge-ra.org\/V16\/wp-content\/uploads\/2015\/10\/2014-10-09-DIA-DE-LA-INDUSTRIA-030.jpg 600w\" sizes=\"(max-width: 300px) 100vw, 300px\" \/><\/a>\n\t\t\t<\/div>\n\t\t\t\t<figcaption class='wp-caption-text gallery-caption' id='gallery-1-1322'>\n\t\t\t\tDaniel Scioli junto a Directivos de CGERA\n\t\t\t\t<\/figcaption><\/figure>\n\t\t<\/div>\n\n<p>Cristina Fern\u00e1ndez brind\u00f3 un extenso discurso frente a un sal\u00f3n lleno de industriales donde destac\u00f3 la actividad fabril como motor de crecimiento argentino y generador de puestos de trabajo, la realidad del sector automotriz, y la necesidad de fortalecer YPF y el consumo interno.<\/p>\n<p>El Presidente de CGERA, Marcelo Fern\u00e1ndez, form\u00f3 parte de la mesa principal de la cena junto a la Presidenta de la Naci\u00f3n, el Jefe de Gabinete, Jorge Capitanich; el Ministro de Econom\u00eda, Axel Kicillof; la Ministra de Industria, D\u00e9bora Giorgi; el Ministro de Planificaci\u00f3n, Julio De Vido; el Presidente de YPF, Miguel Galuccio; Hector M\u00e9ndez (UIA); Osvaldo Rial (UIPBA); Gustavo Weiss (CAC); entre otros.<\/p>\n<p>Marcelo Fern\u00e1ndez, luego del encuentro con la primera mandataria, destac\u00f3 que \u00abse puso en evidencia que la industria en general no est\u00e1 mal sino en una meseta hacia arriba, de ninguna manera est\u00e1 estancada\u00bb. \u00abVi a la presidenta muy bien, muy confiada, y nos prometi\u00f3 que el Gobierno seguir\u00e1 con medidas antic\u00edclicas para enfrentar las crisis externas, de hecho, no podemos hablar de una crisis interna por los problemas de crecimiento que pueda tener un solo sector, como es el automotriz\u00bb, manifest\u00f3 Fern\u00e1ndez.<\/p>\n<p>Adem\u00e1s, la mesa principal de CGERA estuvo acompa\u00f1ada por el Gobernador de la Provincia de Buenos Aires y futuro candidato presidencial, Daniel Scioli quien comparti\u00f3 la cena junto a\u00a0 Alberto Sellaro, Vicepresidente de CGERA y Presidente de CIC; Ra\u00fal Zylbersztein, Secretario General de CGERA; Daniel Donikian, Presidente de CIMA; Marcelo Girard, Presidente\u00a0 de CAFTG; Osvaldo Frances, Presidente de ARBIA; Leonardo Christensen, Presidente de CAIFA; Alberto Ruibal, Presidente de CAS; y Aldo lo Russo, ksdjfskdf; y Gabriel Romarovsky, Ministro de Producci\u00f3n de Jujuy.<\/p>\n<p>Ra\u00fal Zylbersztein sostuvo que \u201cme pareci\u00f3 que la presidenta hizo un buen an\u00e1lisis de la situaci\u00f3n actual de la industria. Le dio un espacio muy importante al problema de las automotrices. Hay que tener en cuenta que esta industria se encuentra en deuda con la Argentina por todo lo que se les dio en todos estos a\u00f1os\u201d.<\/p>\n<p>CGERA fue considerada la entidad que m\u00e1s vendi\u00f3 colectivamente seg\u00fan el Instituto Nacional de Tecnolog\u00eda Industrial (INTI), el cual se encargaba de la organizaci\u00f3n del festejo, mostrando de esta forma, un gran apoyo y orgullo hacia la industria nacional.<\/p>\n<p>Estuvieron presentes Horacio Consolo de AIERA, Ariel Aguilar de CIMA como as\u00ed tambi\u00e9n representantes de diversas c\u00e1maras que nuclean CGERA como CADIOA, ACUBA, CAIPIC, CAIFA, CICA, CAIBYN, CIMA, ARBIA, CAMIMA, CAS, CAFTG, CAIFA, entre otros.<\/p>\n","protected":false},"excerpt":{"rendered":"<p>CGERA dijo presente en la conmemoraci\u00f3n por el D\u00eda de la Industria encabezada por la Presidenta de la Naci\u00f3n, Dra. Cristina Fern\u00e1ndez de Kirchner frente a una gran multitud de empresarios  y funcionarios. <\/p>\n","protected":false},"author":1,"featured_media":1321,"comment_status":"closed","ping_status":"closed","sticky":false,"template":"","format":"standard","meta":[],"categories":[1],"tags":[],"_links":{"self":[{"href":"https:\/\/www.cge-ra.org\/V16\/wp-json\/wp\/v2\/posts\/1320"}],"collection":[{"href":"https:\/\/www.cge-ra.org\/V16\/wp-json\/wp\/v2\/posts"}],"about":[{"href":"https:\/\/www.cge-ra.org\/V16\/wp-json\/wp\/v2\/types\/post"}],"author":[{"embeddable":true,"href":"https:\/\/www.cge-ra.org\/V16\/wp-json\/wp\/v2\/users\/1"}],"replies":[{"embeddable":true,"href":"https:\/\/www.cge-ra.org\/V16\/wp-json\/wp\/v2\/comments?post=1320"}],"version-history":[{"count":1,"href":"https:\/\/www.cge-ra.org\/V16\/wp-json\/wp\/v2\/posts\/1320\/revisions"}],"predecessor-version":[{"id":1323,"href":"https:\/\/www.cge-ra.org\/V16\/wp-json\/wp\/v2\/posts\/1320\/revisions\/1323"}],"wp:featuredmedia":[{"embeddable":true,"href":"https:\/\/www.cge-ra.org\/V16\/wp-json\/wp\/v2\/media\/1321"}],"wp:attachment":[{"href":"https:\/\/www.cge-ra.org\/V16\/wp-json\/wp\/v2\/media?parent=1320"}],"wp:term":[{"taxonomy":"category","embeddable":true,"href":"https:\/\/www.cge-ra.org\/V16\/wp-json\/wp\/v2\/categories?post=1320"},{"taxonomy":"post_tag","embeddable":true,"href":"https:\/\/www.cge-ra.org\/V16\/wp-json\/wp\/v2\/tags?post=1320"}],"curies":[{"name":"wp","href":"https:\/\/api.w.org\/{rel}","templated":true}]}}