{"id":1353,"date":"2014-09-08T21:04:16","date_gmt":"2014-09-08T21:04:16","guid":{"rendered":"http:\/\/www.cge-ra.org\/V16\/?p=1353"},"modified":"2015-10-27T21:04:48","modified_gmt":"2015-10-27T21:04:48","slug":"cgera-vamos-a-seguir-capacitando-y-formando-para-la-creacion-de-mas-trabajo","status":"publish","type":"post","link":"https:\/\/www.cge-ra.org\/V16\/cgera-vamos-a-seguir-capacitando-y-formando-para-la-creacion-de-mas-trabajo\/","title":{"rendered":"CGERA: \u201cVamos a seguir capacitando y formando para la creaci\u00f3n de m\u00e1s trabajo\u201d"},"content":{"rendered":"<div id='gallery-1' class='gallery galleryid-1353 gallery-columns-1 gallery-size-medium'><figure class='gallery-item'>\n\t\t\t<div class='gallery-icon landscape'>\n\t\t\t\t<a href='https:\/\/www.cge-ra.org\/V16\/wp-content\/uploads\/2015\/10\/10464371_722446221183612_3441880465386407680_n-11.jpg'><img width=\"300\" height=\"200\" src=\"https:\/\/www.cge-ra.org\/V16\/wp-content\/uploads\/2015\/10\/10464371_722446221183612_3441880465386407680_n-11-300x200.jpg\" class=\"attachment-medium size-medium\" alt=\"\" decoding=\"async\" loading=\"lazy\" aria-describedby=\"gallery-1-1355\" srcset=\"https:\/\/www.cge-ra.org\/V16\/wp-content\/uploads\/2015\/10\/10464371_722446221183612_3441880465386407680_n-11-300x200.jpg 300w, https:\/\/www.cge-ra.org\/V16\/wp-content\/uploads\/2015\/10\/10464371_722446221183612_3441880465386407680_n-11.jpg 600w\" sizes=\"(max-width: 300px) 100vw, 300px\" \/><\/a>\n\t\t\t<\/div>\n\t\t\t\t<figcaption class='wp-caption-text gallery-caption' id='gallery-1-1355'>\n\t\t\t\tMarcelo Fern\u00e1ndez, Presidente de CGERA, durante su discurso ante una gran audiencia. \n\t\t\t\t<\/figcaption><\/figure><figure class='gallery-item'>\n\t\t\t<div class='gallery-icon landscape'>\n\t\t\t\t<a href='https:\/\/www.cge-ra.org\/V16\/wp-content\/uploads\/2015\/10\/10624791_722445237850377_4393857660853428692_n.jpg'><img width=\"300\" height=\"200\" src=\"https:\/\/www.cge-ra.org\/V16\/wp-content\/uploads\/2015\/10\/10624791_722445237850377_4393857660853428692_n-300x200.jpg\" class=\"attachment-medium size-medium\" alt=\"\" decoding=\"async\" loading=\"lazy\" aria-describedby=\"gallery-1-1338\" srcset=\"https:\/\/www.cge-ra.org\/V16\/wp-content\/uploads\/2015\/10\/10624791_722445237850377_4393857660853428692_n-300x200.jpg 300w, https:\/\/www.cge-ra.org\/V16\/wp-content\/uploads\/2015\/10\/10624791_722445237850377_4393857660853428692_n.jpg 600w\" sizes=\"(max-width: 300px) 100vw, 300px\" \/><\/a>\n\t\t\t<\/div>\n\t\t\t\t<figcaption class='wp-caption-text gallery-caption' id='gallery-1-1338'>\n\t\t\t\tFern\u00e1ndez y Tomada junto a los alumnos egresados de mec\u00e1nica de motos y Administraci\u00f3n.\n\t\t\t\t<\/figcaption><\/figure>\n\t\t<\/div>\n\n<p>La Confederaci\u00f3n General Empresaria (CGERA) particip\u00f3 del acto de entrega de certificados de formaci\u00f3n continua de los cursos de mec\u00e1nica de motos y administraci\u00f3n de Capital Federal, en el Club Malvinas Argentinas de la localidad de Lugano, \u00a0junto al Ministro de Trabajo, Carlos Tomada; el Secretario de Empleo, Mat\u00edas Barroetave\u00f1a; entre otros.<\/p>\n<p>Marcelo Fern\u00e1ndez, en representaci\u00f3n de CGERA, se mostr\u00f3 orgulloso de ser la \u00fanica entidad empresaria presente y de estar capacitando a j\u00f3venes en 18 Centros de Formaci\u00f3n ubicados en todo el pa\u00eds. \u201cVali\u00f3 la pena ver la cara de aquellos que recib\u00edan su diploma con orgullo y de aquellos que dieron la palabra con convicci\u00f3n y trabajo\u201d manifest\u00f3 Fern\u00e1ndez ante una gran audiencia.<\/p>\n<p>\u201cVamos a continuar desarroll\u00e1ndonos y creciendo en todo el pa\u00eds para generar mayor competitividad laboral e inclusi\u00f3n social\u201d, enfatiz\u00f3 el Presidente de CGERA. El Director de la Red de Centros de Formaci\u00f3n CGERA, Dr. Guillermo Siro, no pudo presenciar la entrega debido a que particip\u00f3 de la Feria de Emprendedores de Rosario dictando talleres para continuar con la capacitaci\u00f3n.<\/p>\n<p>Por su parte, el Ministro de Trabajo, Carlos Tomada se emocion\u00f3 con la experiencia de dos trabajadores que se capacitaron y en un discurso muy efusivo asever\u00f3: \u201cvamos a superar las dificultades con la creaci\u00f3n de m\u00e1s trabajo y con el di\u00e1logo de todos los sectores\u201d.<\/p>\n<p>\u201cNo tenemos dudas c\u00f3mo vamos a seguir avanzando: con m\u00e1s trabajo, m\u00e1s capacitaci\u00f3n y m\u00e1s esfuerzo\u201d, sostuvo el ministro.<\/p>\n<p>Ante trabajadores que recibieron el certificado de la capacitaci\u00f3n laboral, Tomada record\u00f3 que el Gobierno \u201cpuso de pie a una Argentina endeudada y sabemos cu\u00e1l es el camino\u201d.<\/p>\n<p>Asimismo, el secretario de Empleo, Mat\u00edas Barroetave\u00f1a, afirm\u00f3 que \u201clos trabajadores, empresarios y organizaciones pol\u00edticas hemos construido una red para que haya oportunidades para todos\u201d.<\/p>\n<p>A su turno, el diputado nacional del Frente para la Victoria Juan Cabandi\u00e9 se\u00f1al\u00f3 que la entrega de certificados de capacitaci\u00f3n laboral a 120 j\u00f3venes \u201ces una foto de lo que es nuestro gobierno: los j\u00f3venes, los trabajadores y el Estado presente trabajando juntos en el mismo camino\u201d.<\/p>\n","protected":false},"excerpt":{"rendered":"<p>La CGERA, a trav\u00e9s de la Red de Formaci\u00f3n Continua entreg\u00f3 los certificados de Mec\u00e1nica de Motos y Administraci\u00f3n junto al Ministerio de Trabajo, en el marco de la presentaci\u00f3n del Plan Emplear y Progresar. <\/p>\n","protected":false},"author":1,"featured_media":1354,"comment_status":"closed","ping_status":"closed","sticky":false,"template":"","format":"standard","meta":[],"categories":[5],"tags":[],"_links":{"self":[{"href":"https:\/\/www.cge-ra.org\/V16\/wp-json\/wp\/v2\/posts\/1353"}],"collection":[{"href":"https:\/\/www.cge-ra.org\/V16\/wp-json\/wp\/v2\/posts"}],"about":[{"href":"https:\/\/www.cge-ra.org\/V16\/wp-json\/wp\/v2\/types\/post"}],"author":[{"embeddable":true,"href":"https:\/\/www.cge-ra.org\/V16\/wp-json\/wp\/v2\/users\/1"}],"replies":[{"embeddable":true,"href":"https:\/\/www.cge-ra.org\/V16\/wp-json\/wp\/v2\/comments?post=1353"}],"version-history":[{"count":1,"href":"https:\/\/www.cge-ra.org\/V16\/wp-json\/wp\/v2\/posts\/1353\/revisions"}],"predecessor-version":[{"id":1356,"href":"https:\/\/www.cge-ra.org\/V16\/wp-json\/wp\/v2\/posts\/1353\/revisions\/1356"}],"wp:featuredmedia":[{"embeddable":true,"href":"https:\/\/www.cge-ra.org\/V16\/wp-json\/wp\/v2\/media\/1354"}],"wp:attachment":[{"href":"https:\/\/www.cge-ra.org\/V16\/wp-json\/wp\/v2\/media?parent=1353"}],"wp:term":[{"taxonomy":"category","embeddable":true,"href":"https:\/\/www.cge-ra.org\/V16\/wp-json\/wp\/v2\/categories?post=1353"},{"taxonomy":"post_tag","embeddable":true,"href":"https:\/\/www.cge-ra.org\/V16\/wp-json\/wp\/v2\/tags?post=1353"}],"curies":[{"name":"wp","href":"https:\/\/api.w.org\/{rel}","templated":true}]}}