{"id":1362,"date":"2014-08-22T21:08:47","date_gmt":"2014-08-22T21:08:47","guid":{"rendered":"http:\/\/www.cge-ra.org\/V16\/?p=1362"},"modified":"2018-01-09T20:35:03","modified_gmt":"2018-01-09T20:35:03","slug":"la-cgera-solicito-una-defensoria-para-pymes","status":"publish","type":"post","link":"https:\/\/www.cge-ra.org\/V16\/la-cgera-solicito-una-defensoria-para-pymes\/","title":{"rendered":"La CGERA solicit\u00f3 una Defensor\u00eda para Pymes"},"content":{"rendered":"<div id='gallery-1' class='gallery galleryid-1362 gallery-columns-1 gallery-size-medium'><figure class='gallery-item'>\n\t\t\t<div class='gallery-icon landscape'>\n\t\t\t\t<a href='https:\/\/www.cge-ra.org\/V16\/wp-content\/uploads\/2015\/10\/Alineados-Dominguez-Sebastian-Fernandez-FAILLA_CLAIMA20140822_0055_28.jpg'><img width=\"300\" height=\"200\" src=\"https:\/\/www.cge-ra.org\/V16\/wp-content\/uploads\/2015\/10\/Alineados-Dominguez-Sebastian-Fernandez-FAILLA_CLAIMA20140822_0055_28-300x200.jpg\" class=\"attachment-medium size-medium\" alt=\"\" decoding=\"async\" loading=\"lazy\" srcset=\"https:\/\/www.cge-ra.org\/V16\/wp-content\/uploads\/2015\/10\/Alineados-Dominguez-Sebastian-Fernandez-FAILLA_CLAIMA20140822_0055_28-300x200.jpg 300w, https:\/\/www.cge-ra.org\/V16\/wp-content\/uploads\/2015\/10\/Alineados-Dominguez-Sebastian-Fernandez-FAILLA_CLAIMA20140822_0055_28.jpg 600w\" sizes=\"(max-width: 300px) 100vw, 300px\" \/><\/a>\n\t\t\t<\/div><\/figure><figure class='gallery-item'>\n\t\t\t<div class='gallery-icon landscape'>\n\t\t\t\t<a href='https:\/\/www.cge-ra.org\/V16\/wp-content\/uploads\/2015\/10\/20140821_161731_600x338.jpg'><img width=\"300\" height=\"200\" src=\"https:\/\/www.cge-ra.org\/V16\/wp-content\/uploads\/2015\/10\/20140821_161731_600x338-300x200.jpg\" class=\"attachment-medium size-medium\" alt=\"\" decoding=\"async\" loading=\"lazy\" aria-describedby=\"gallery-1-1363\" srcset=\"https:\/\/www.cge-ra.org\/V16\/wp-content\/uploads\/2015\/10\/20140821_161731_600x338-300x200.jpg 300w, https:\/\/www.cge-ra.org\/V16\/wp-content\/uploads\/2015\/10\/20140821_161731_600x338.jpg 600w\" sizes=\"(max-width: 300px) 100vw, 300px\" \/><\/a>\n\t\t\t<\/div>\n\t\t\t\t<figcaption class='wp-caption-text gallery-caption' id='gallery-1-1363'>\n\t\t\t\tMarcelo Fern\u00e1ndez durante su discurso acompa\u00f1ado por funcionarios, empresarios y Directivos de CGERA.\n\t\t\t\t<\/figcaption><\/figure>\n\t\t<\/div>\n\n<p>Los directivos de las c\u00e1maras empresarias nucleadas en la Confederaci\u00f3n General Empresaria (CGERA) celebraron el d\u00eda del empresario nacional en un sal\u00f3n ubicado en el microcentro porte\u00f1o. Fueron oradores, adem\u00e1s de los empresarios, el Presidente de la C\u00e1mara de Diputados de la Naci\u00f3n, Juli\u00e1n Dom\u00ednguez y el Ministro de Trabajo, Carlos Tomada.En representaci\u00f3n de la Ministra de Industria, D\u00e9bora Giorgi, estuvo presente el Secretario Pyme de la Naci\u00f3n, Horacio Roura.<\/p>\n<p>Ra\u00fal Zylbersztein, Secretario General de la entidad, abri\u00f3 el encuentro remarcando la importancia de las pymes en la econom\u00eda y declar\u00f3 que \u201cEn el d\u00eda del Empresario Nacional es necesario que nosotros tengamos una conciencia de clase, y no confundirnos con los intereses de las empresas concentradas y as\u00ed el estado pueda tambi\u00e9n identificarnos y diferenciarnos; para tomar las medidas que favorezcan el desarrollo de las empresas nacionales en equidad\u00bb.<\/p>\n<p>Adem\u00e1s, Remarc\u00f3 que \u201cNo es el d\u00eda de una entidad, sino de todos los empresarios nacionales y de todas las entidades pymes que de, una manera u otra, tienen su origen en aquel que primero identific\u00f3 y le dio valor al empresario que lo tiene como trabajador de su propio emprendimiento\u201d.<\/p>\n<p>A su turno, Marcelo Fern\u00e1ndez, presidente de la CGERA, se refiri\u00f3 a la ley de abastecimiento que se est\u00e1 tratando en el congreso, solicit\u00f3 la creaci\u00f3n de una defensor\u00eda para las pymes y trat\u00f3 el tema del proyecto de ley que se encuentra con media sanci\u00f3n en el Congreso y declara al 16 de agosto como el d\u00eda del empresario nacional.<\/p>\n<p>Fern\u00e1ndez les solicit\u00f3 a los empresarios presentes que \u201cle demanden a la Senadora radical Laura Montero que tiene hoy en su despacho el proyecto de ley sin avanzar\u201d.<\/p>\n<p>\u201cEn lugar de festejar el d\u00eda de la industria en Tecn\u00f3polis, festejemos esa noche el d\u00eda del empresario nacional con la Presidenta de la Naci\u00f3n con el proyecto del d\u00eda del empresario bajo el brazo\u201d dijo.<\/p>\n<p>En relaci\u00f3n a la ley de abastecimiento expres\u00f3 que \u201cno se entiende por qu\u00e9 reci\u00e9n ahora hay empresarios que se quejan por la ley de abastecimiento, que anteriormente hasta contemplaba la c\u00e1rcel para los periodistas\u201d y les solicit\u00f3 a los empresarios del G6 \u201cque nadie se arrogue la representaci\u00f3n de todos los empresarios\u201d.<\/p>\n<p>El presidente de CGERA le solicit\u00f3 adem\u00e1s a Juli\u00e1n Dom\u00ednguez la creaci\u00f3n de una defensor\u00eda para las pymes: \u201cla devaluaci\u00f3n de enero la pagaron las peque\u00f1as y medianas empresas, en ese momento nos trasladaron aumentos siendo que los insumos y costos laborales en d\u00f3lares se les hab\u00edan reducido, hablamos con los funcionarios en ese momento, pero queremos que exista una defensor\u00eda de pymes para este tipo de situaciones abusivas\u201d expres\u00f3.<\/p>\n<p>El Ministro de Trabajo, refiri\u00e9ndose a las pymes, expres\u00f3 que \u201cel recorrido muestra quienes son los protagonistas, los interlocutores, lo que colaboran por una patria mejor, celebro estar ac\u00e1 luego de haber tenido una reuni\u00f3n con la CGT\u201d.<\/p>\n<p>El Ministro abog\u00f3 por un \u201ctrabajo coordinado y articulado entre todos los sectores\u201d y defendi\u00f3 el proyecto de reforma de la ley de abastecimiento: \u201cestamos convencidos que el puro mercado lleva a la destrucci\u00f3n del mercado,\u00a0\u00a0es necesario que la democracia entre en el mercado, fortalecer la democracia, estas leyes aprobadas son un triunfo de la democracia\u201d.<\/p>\n<p>En tanto, Juli\u00e1n Dom\u00ednguez enfatiz\u00f3 sobre la necesidad de \u201cpreservar el trabajo como un ordenador social\u201d. \u201cCada vez que a las pymes y al empleo le han ido bien, al pa\u00eds le ha ido bien\u201d dijo.<\/p>\n<p>\u201cLos sue\u00f1os que tienen los empresarios pymes, es el coraje del cual queremos inundar toda la argentina, es el sue\u00f1o de nuestra argentina\u201d manifest\u00f3 Dom\u00ednguez.<\/p>\n<p>Entre los presentes se encontraban la el Secretario de Empleo, Mat\u00edas Barrotave\u00f1a; el Subsecretario Pyme de la Naci\u00f3n, Andr\u00e9s Elgarrista; la Subsecretaria de Comercio Exterior, Paula Espa\u00f1ol; el Intendente de Mor\u00f3n, Lucas Ghi; el Secretario de Florencio Varela, Andr\u00e9s Watson.<\/p>\n<p>Tambi\u00e9n, asistieron la Secretaria de Desarrollo Industrial de Ituzaing\u00f3 y empresaria de CGERA, Sandra Rey; el empresario de la Agrupaci\u00f3n Gelbard, Director de Pymes de Mor\u00f3n, Ariel Aguilar; y empresarios como Norberto Fermani, de la C\u00e1mara de Industrias \u00d3pticas y afines (CADIOA); Daniel Doniki\u00e1n de la C\u00e1mara Industrial de las Manufacturas del Cuero (CIMA); Alberto Sellaro de la C\u00e1mara Industrial del Calzado (CIC); Horacio Moschetto, Secretario de CIC; Marcelo Girard, Presidente de la C\u00e1mara de Tintas Gr\u00e1ficas; Dr. Guillermo Siro, Secretario de CGERA y Director de la Red de Centro de Formaci\u00f3n CGERA; Facundo Galdos, Presidente de CGERA GBA Regional Sur, entre otros.<\/p>\n","protected":false},"excerpt":{"rendered":"<p>Se refirieron tambi\u00e9n a la reforma de la ley de abastecimiento. Tomada y Juli\u00e1n Dom\u00ednguez, fueron oradores del encuentro.<\/p>\n","protected":false},"author":1,"featured_media":1364,"comment_status":"closed","ping_status":"closed","sticky":false,"template":"","format":"standard","meta":[],"categories":[1],"tags":[],"_links":{"self":[{"href":"https:\/\/www.cge-ra.org\/V16\/wp-json\/wp\/v2\/posts\/1362"}],"collection":[{"href":"https:\/\/www.cge-ra.org\/V16\/wp-json\/wp\/v2\/posts"}],"about":[{"href":"https:\/\/www.cge-ra.org\/V16\/wp-json\/wp\/v2\/types\/post"}],"author":[{"embeddable":true,"href":"https:\/\/www.cge-ra.org\/V16\/wp-json\/wp\/v2\/users\/1"}],"replies":[{"embeddable":true,"href":"https:\/\/www.cge-ra.org\/V16\/wp-json\/wp\/v2\/comments?post=1362"}],"version-history":[{"count":1,"href":"https:\/\/www.cge-ra.org\/V16\/wp-json\/wp\/v2\/posts\/1362\/revisions"}],"predecessor-version":[{"id":1365,"href":"https:\/\/www.cge-ra.org\/V16\/wp-json\/wp\/v2\/posts\/1362\/revisions\/1365"}],"wp:featuredmedia":[{"embeddable":true,"href":"https:\/\/www.cge-ra.org\/V16\/wp-json\/wp\/v2\/media\/1364"}],"wp:attachment":[{"href":"https:\/\/www.cge-ra.org\/V16\/wp-json\/wp\/v2\/media?parent=1362"}],"wp:term":[{"taxonomy":"category","embeddable":true,"href":"https:\/\/www.cge-ra.org\/V16\/wp-json\/wp\/v2\/categories?post=1362"},{"taxonomy":"post_tag","embeddable":true,"href":"https:\/\/www.cge-ra.org\/V16\/wp-json\/wp\/v2\/tags?post=1362"}],"curies":[{"name":"wp","href":"https:\/\/api.w.org\/{rel}","templated":true}]}}