{"id":1366,"date":"2014-08-19T21:11:29","date_gmt":"2014-08-19T21:11:29","guid":{"rendered":"http:\/\/www.cge-ra.org\/V16\/?p=1366"},"modified":"2018-01-09T20:35:05","modified_gmt":"2018-01-09T20:35:05","slug":"empresarios-de-todo-el-norte-festejaron-el-dia-del-empresario-nacional-en-santiago-del-estero","status":"publish","type":"post","link":"https:\/\/www.cge-ra.org\/V16\/empresarios-de-todo-el-norte-festejaron-el-dia-del-empresario-nacional-en-santiago-del-estero\/","title":{"rendered":"Empresarios de todo el norte festejaron el D\u00eda del Empresario nacional en Santiago del Estero"},"content":{"rendered":"<div id='gallery-1' class='gallery galleryid-1366 gallery-columns-1 gallery-size-thumbnail'><figure class='gallery-item'>\n\t\t\t<div class='gallery-icon landscape'>\n\t\t\t\t<a href='https:\/\/www.cge-ra.org\/V16\/wp-content\/uploads\/2015\/10\/MO-Bielsa-y-JD.jpg'><img width=\"150\" height=\"150\" src=\"https:\/\/www.cge-ra.org\/V16\/wp-content\/uploads\/2015\/10\/MO-Bielsa-y-JD-150x150.jpg\" class=\"attachment-thumbnail size-thumbnail\" alt=\"\" decoding=\"async\" loading=\"lazy\" aria-describedby=\"gallery-1-1367\" \/><\/a>\n\t\t\t<\/div>\n\t\t\t\t<figcaption class='wp-caption-text gallery-caption' id='gallery-1-1367'>\n\t\t\t\tMarcelo Fern\u00e1ndez durante su discurso en Santiago del Estero junto a Juli\u00e1n Dom\u00ednguez y Mar\u00eda Eugenia Bielsa.\n\t\t\t\t<\/figcaption><\/figure>\n\t\t<\/div>\n\n<p>El 16 de agosto de 1953, se conmemora aquel d\u00eda en el cual Jos\u00e9 Ber Gelbard convoc\u00f3 a la primer reuni\u00f3n en Bs.As a todos los miembros del movimiento que \u00e9l creara, y que luego le permitiera ser Ministro de Econom\u00eda de las presidencias de Juan Domingo Per\u00f3n y H\u00e9ctor C\u00e1mpora.<\/p>\n<p>Marcelo Fern\u00e1ndez, presidente de la Confederaci\u00f3n General Empresaria (CGERA) y uno de los impulsores de la Agrupaci\u00f3n Gelbard explic\u00f3 que\u00a0 \u201cAquella convocatoria de 1953 logr\u00f3\u00a0 transformarse en una organizaci\u00f3n empresarial de gran densidad hist\u00f3rica donde bajo sus muros, hombres y organizaciones abrieron las puertas de la revoluci\u00f3n industrial, potenciaron el progreso y crearon riqueza trayendo el desarrollo al campo, la industria, el comercio y los servicios, llegando con sus productos a cualquier rinc\u00f3n del mundo\u201d.<\/p>\n<p>El titular de CGERA estuvo acompa\u00f1ado tambi\u00e9n por el Presidente de la Federaci\u00f3n Econ\u00f3mica de Santiago del Estero Pedro Mosso, quien se mostr\u00f3 satisfecho con el logro alcanzado el a\u00f1o pasado sobre la media sanci\u00f3n de la ley del \u201cD\u00eda del Empresario Nacional\u201d, la cual fue ratificada por el Presidente de la Honorable C\u00e1mara de Diputados, Juli\u00e1n Dom\u00ednguez. Record\u00f3 que \u201cdesde el a\u00f1o 2004 que los empresarios nacionales celebramos este d\u00eda como propio, pidiendo a las autoridades que lo reconozcan como una ley o decreto de la Naci\u00f3n\u201d.<\/p>\n<p>El mismo Dom\u00ednguez se hizo presente en el acto de conmemoraci\u00f3n que se realiz\u00f3 en el marco del evento sobre el \u201cFuturo del Proyecto Nacional en el Norte Grande\u201d que su movimiento \u201cSan Mart\u00edn\u201d organiz\u00f3 en dicha ciudad junto a la Diputada Mar\u00eda Eugenia Bielsa y al Vicegobernador de Santiago, Jos\u00e9 Emilio Neder y los Diputados, Carlos Kinkel, Carlos Gdansky, Oscar Romero, Roberto Feletti, entre otros.<\/p>\n<p>En el comienzo, Pedro Mosso dio la bienvenida y agradeci\u00f3 la presencia de todos los presentes en su provincia en el d\u00eda del Empresario: \u00abEs una jornada muy importante para la Federaci\u00f3n Econ\u00f3mica de Santiago y para los empresarios del Norte grande ya que estamos recibiendo importantes visitantes que nos acompa\u00f1an en esta celebraci\u00f3n\u00bb.<\/p>\n<p>Por su parte Mar\u00eda Eugenia Bielsa destac\u00f3 el rol de los industriales y comerciantes:\u00bb Son ustedes los que marcar\u00e1n el futuro econ\u00f3mico de la patria, pero no duden que siempre nos tendr\u00e1n cerca y de su lado para apoyarlos\u00bb.<\/p>\n<p>Marcelo Fern\u00e1ndez agradeci\u00f3 la media sanci\u00f3n de la ley del D\u00eda del Empresario Nacional y la importancia de estar junto a pares de la regi\u00f3n: \u00abGracias a la voluntad pol\u00edtica del Presidente de la HCDN tuvimos media sanci\u00f3n de la ley, por eso gracias Juli\u00e1n y a los Diputados que votaron el proyecto que fue presentado durante mi etapa como Diputado Nacional. Hoy estamos en Santiago del Estero junto a la Federaci\u00f3n local y a nuestros pares del norte grande para celebrar nuestro d\u00eda y comprometernos en seguir trabajando juntos para solucionar los problemas que se presenten, pero por sobre todas las cosas para afianzar y no apartarnos del rumbo que nos permiti\u00f3 volver a existir\u00bb.<\/p>\n<p>Juli\u00e1n Dom\u00ednguez cerr\u00f3 el encuentro con una bajada de l\u00ednea hacia las pymes: \u00abSon ustedes los que deben marcar el rumbo de las necesidades y la potencialidad que tiene las peque\u00f1as y medianas empresas en cada uno de los sectores que representan. En los tiempos que vienen debemos industrializar la ruralidad y agregarle valores que permitan desarrollar cada una de las regiones del amplio territorio nacional. Las pol\u00edticas activas deben ser presentadas por ustedes mismos para ser llevadas adelante. El objetivo de industrializar las materias primas en cada una de las regiones donde se producen nos permitir\u00e1 desarrollar las econom\u00edas locales y as\u00ed distribuir mejor la poblaci\u00f3n, para esto CGERA y la Gelbard tendr\u00e1n un rol fundamental\u201d.<\/p>\n<p>Dom\u00ednguez se comprometi\u00f3 a presenciar el pr\u00f3ximo jueves\u00a0 a las 15 30 hs la celebraci\u00f3n del d\u00eda del empresario que se har\u00e1 en la Capital Federal junto a los empresarios de los distintos sectores de la producci\u00f3n.<\/p>\n","protected":false},"excerpt":{"rendered":"<p>Empresarios provenientes de las provincias de Jujuy, Salta, Misiones, C\u00f3rdoba, Corrientes, Santiago del Estero, Catamarca, Chaco y Formosa se reunieron en la ciudad de Santiago del Estero para festejar el d\u00eda del Empresario Nacional. <\/p>\n","protected":false},"author":1,"featured_media":1367,"comment_status":"closed","ping_status":"closed","sticky":false,"template":"","format":"standard","meta":[],"categories":[1],"tags":[],"_links":{"self":[{"href":"https:\/\/www.cge-ra.org\/V16\/wp-json\/wp\/v2\/posts\/1366"}],"collection":[{"href":"https:\/\/www.cge-ra.org\/V16\/wp-json\/wp\/v2\/posts"}],"about":[{"href":"https:\/\/www.cge-ra.org\/V16\/wp-json\/wp\/v2\/types\/post"}],"author":[{"embeddable":true,"href":"https:\/\/www.cge-ra.org\/V16\/wp-json\/wp\/v2\/users\/1"}],"replies":[{"embeddable":true,"href":"https:\/\/www.cge-ra.org\/V16\/wp-json\/wp\/v2\/comments?post=1366"}],"version-history":[{"count":1,"href":"https:\/\/www.cge-ra.org\/V16\/wp-json\/wp\/v2\/posts\/1366\/revisions"}],"predecessor-version":[{"id":1368,"href":"https:\/\/www.cge-ra.org\/V16\/wp-json\/wp\/v2\/posts\/1366\/revisions\/1368"}],"wp:featuredmedia":[{"embeddable":true,"href":"https:\/\/www.cge-ra.org\/V16\/wp-json\/wp\/v2\/media\/1367"}],"wp:attachment":[{"href":"https:\/\/www.cge-ra.org\/V16\/wp-json\/wp\/v2\/media?parent=1366"}],"wp:term":[{"taxonomy":"category","embeddable":true,"href":"https:\/\/www.cge-ra.org\/V16\/wp-json\/wp\/v2\/categories?post=1366"},{"taxonomy":"post_tag","embeddable":true,"href":"https:\/\/www.cge-ra.org\/V16\/wp-json\/wp\/v2\/tags?post=1366"}],"curies":[{"name":"wp","href":"https:\/\/api.w.org\/{rel}","templated":true}]}}