{"id":1369,"date":"2014-08-12T21:14:19","date_gmt":"2014-08-12T21:14:19","guid":{"rendered":"http:\/\/www.cge-ra.org\/V16\/?p=1369"},"modified":"2018-01-09T20:35:16","modified_gmt":"2018-01-09T20:35:16","slug":"cgera-propone-una-alianza-estrategica","status":"publish","type":"post","link":"https:\/\/www.cge-ra.org\/V16\/cgera-propone-una-alianza-estrategica\/","title":{"rendered":"CGERA propone una alianza estrat\u00e9gica"},"content":{"rendered":"<p>El lunes 11 de agosto, la Secretaria de Comercio de la Naci\u00f3n, Presidida por Augusto Costa, convoc\u00f3 a la CGERA para seguir acompa\u00f1ando las pol\u00edticas y formar espacios de discusi\u00f3n. Estuvo acompa\u00f1ado por la Subsecretaria de Comercio Exterior, Paula Espa\u00f1ol y el Subsecretario de Comercio Interior, Ariel Langer.<\/p>\n<p>El Secretario de Comercio, Augusto Costa, muy agradecido por la gran convocatoria y por la posibilidad de tener un di\u00e1logo directo con \u201caquellos que realmente les interesa discutir\u201d.<\/p>\n<p>\u201cMuchos quieren que se vuelva a dar el escenario que vivimos el pasado verano. Es importante que todos estemos a la altura de las circunstancias y que la econom\u00eda argentina no sufra las consecuencias de la especulaci\u00f3n\u201d, sostuvo Augusto Costa en menci\u00f3n a las declaraciones de los grandes grupos empresarios concentrados.<\/p>\n<p>El Secretario de Comercio dijo que el objetivo de la reuni\u00f3n era \u201cRepasar algunos de los aspectos que son del \u00e1mbito de nuestra competencia para transmitirles que estamos viendo nosotros de la situaci\u00f3n, y dialogar sobre que perspectiva que ustedes ven y de esta forma ponernos de acuerdo para tratar de sacar algunas conclusiones\u201d.<\/p>\n<p>La Secretaria separa en tres grandes rubros la situaci\u00f3n: por un lado, los precios e inversiones, por el otro la administraci\u00f3n del comercio y por \u00faltimo, las herramientas del estado para intervenir en las cadenas de valor en aquellas situaciones que presentan abusos claros por parte del capital concentrado y formadores de precios, y todo lo que tiene que ver con la defensa del consumidor.<\/p>\n<p>Augusto Costa sostuvo que \u201cLo que estamos viendo hoy es una consecuencia directa de toda la incertidumbre y situaci\u00f3n de p\u00e1nico que se vivi\u00f3 en el pasado verano. Hoy la actividad industrial viene mostrando una ca\u00edda, el empleo est\u00e1 si repuntar, la econom\u00eda tambi\u00e9n, y es porque todav\u00eda estamos siendo v\u00edctimas de las consecuencias de los sufrido por los formadores de precios\u201d.<\/p>\n<p>Por \u00faltimo, en menci\u00f3n a las nuevas leyes de defensa del consumidor se mostraron avances en la agilizaci\u00f3n del sistema y en las herramientas de los consumidores para que est\u00e9n protegidos por los abusos de gran parte de las empresas. El Secretario en referencia al mercado sostuvo que desde la Secretaria \u201cQueremos intervenir en todos los abusos de todas las cadenas de valor\u201d.<\/p>\n<p>Marcelo Fern\u00e1ndez, presidente de CGERA, propuso ante la gran cantidad de empresarios generar una alianza estrat\u00e9gica con el estado. De esta forma, Fern\u00e1ndez puso en manos de la Secretaria de Comercio la decisi\u00f3n de qu\u00e9 tipo alianzas se pueden desarrollar para una mejor articulaci\u00f3n p\u00fablico privada.<\/p>\n<p>Adem\u00e1s, puntualiz\u00f3 que \u00a0la CGERA llevamos \u00a0\u201cOnce a\u00f1os casi 12 militando para este proyecto, y la mayor\u00eda estamos desde los comienzos. Militamos para un proyecto que nos permiti\u00f3 volver a levantarnos\u201d.<\/p>\n<p>Enfatiz\u00f3 que \u201cEstos empresarios vamos a seguir estando, con los precios cuidados, con las DJAI, con los proyectos nacionales. Vamos estar y vamos acompa\u00f1ar pol\u00edticamente como lo hemos hecho durante todo este per\u00edodo\u201d.<\/p>\n<p>Por \u00faltimo, resalt\u00f3 la posibilidad de di\u00e1logo constante con los organismos del estado, y concluy\u00f3: \u201cQueremos estar en esto sabiendo en qu\u00e9 espacio podemos discutir y acompa\u00f1ar lo que resta porque aqu\u00ed est\u00e1n en juego nuestras empresas\u201d.<\/p>\n<p>De la Confederaci\u00f3n General Empresaria formaron parte la sectores del Cuero, Exportadores pymes, de la Carne, Electr\u00f3nicos, Radiodifusores, \u00d3pticos, Engordadores de Hacienda, Fabricantes de Tintas, Indumentaria, del Juguete, Industria del Calzado, Productores Art\u00edsticos y Culturales, Seguridad, Construcci\u00f3n, Empresas Procesadoras Av\u00edcolas, Laboratorios, Farmacias, Textiles, Autopartes Pyme, \u00a0entre otros.<\/p>\n","protected":false},"excerpt":{"rendered":"<p>Representantes de CGERA formaron parte de la convocatoria de la Secretaria de Comercio de la Naci\u00f3n donde se expusieron las visiones econ\u00f3micas del momento para poder repasar las perspectivas y sacar conclusiones.<\/p>\n","protected":false},"author":1,"featured_media":0,"comment_status":"closed","ping_status":"closed","sticky":false,"template":"","format":"standard","meta":[],"categories":[1],"tags":[],"_links":{"self":[{"href":"https:\/\/www.cge-ra.org\/V16\/wp-json\/wp\/v2\/posts\/1369"}],"collection":[{"href":"https:\/\/www.cge-ra.org\/V16\/wp-json\/wp\/v2\/posts"}],"about":[{"href":"https:\/\/www.cge-ra.org\/V16\/wp-json\/wp\/v2\/types\/post"}],"author":[{"embeddable":true,"href":"https:\/\/www.cge-ra.org\/V16\/wp-json\/wp\/v2\/users\/1"}],"replies":[{"embeddable":true,"href":"https:\/\/www.cge-ra.org\/V16\/wp-json\/wp\/v2\/comments?post=1369"}],"version-history":[{"count":1,"href":"https:\/\/www.cge-ra.org\/V16\/wp-json\/wp\/v2\/posts\/1369\/revisions"}],"predecessor-version":[{"id":1370,"href":"https:\/\/www.cge-ra.org\/V16\/wp-json\/wp\/v2\/posts\/1369\/revisions\/1370"}],"wp:attachment":[{"href":"https:\/\/www.cge-ra.org\/V16\/wp-json\/wp\/v2\/media?parent=1369"}],"wp:term":[{"taxonomy":"category","embeddable":true,"href":"https:\/\/www.cge-ra.org\/V16\/wp-json\/wp\/v2\/categories?post=1369"},{"taxonomy":"post_tag","embeddable":true,"href":"https:\/\/www.cge-ra.org\/V16\/wp-json\/wp\/v2\/tags?post=1369"}],"curies":[{"name":"wp","href":"https:\/\/api.w.org\/{rel}","templated":true}]}}