{"id":1371,"date":"2014-07-23T21:16:28","date_gmt":"2014-07-23T21:16:28","guid":{"rendered":"http:\/\/www.cge-ra.org\/V16\/?p=1371"},"modified":"2018-01-09T20:35:18","modified_gmt":"2018-01-09T20:35:18","slug":"dia-del-empresario-nacional","status":"publish","type":"post","link":"https:\/\/www.cge-ra.org\/V16\/dia-del-empresario-nacional\/","title":{"rendered":"D\u00eda del Empresario Nacional"},"content":{"rendered":"<p><span lang=\"ES\">El 21 de agosto festejamos el D\u00eda del Empresario Nacional en el Sal\u00f3n de la Mutual del Banco de la Provincia de Buenos Aires, ubicado en Balcarce 326, a las 15.30 hs. Nos acompa\u00f1aran funcionarios nacionales, provinciales y municipales.\u00a0<\/span><\/p>\n<p><span lang=\"ES\">El valor de la entrada es de $200 y se pueden solicitar por v\u00eda telef\u00f3nica al (5411) 5252-1205 o v\u00eda mail a info@cge-ra.org<\/span><\/p>\n<p><span lang=\"ES\">Ya hemos conseguido media sanci\u00f3n del D\u00eda del Empresario y vayamos juntos por lo que falta.\u00a0<\/span><\/p>\n<p><span lang=\"ES\">Celebremos el logro alcanzado hasta hoy.<\/span><\/p>\n<p><span lang=\"ES\">Los Esperamos!\u00a0<\/span><\/p>\n","protected":false},"excerpt":{"rendered":"<p>El 21 de agosto festejamos el D\u00eda del Empresario Nacional en el Sal\u00f3n de la Mutual del Banco de la Provincia de Buenos Aires, ubicado en Balcarce 326, a las 15.30 hs. Nos acompa\u00f1aran funcionarios nacionales, provinciales y municipales.\u00a0 El valor de la entrada es de $200 y se pueden solicitar por v\u00eda telef\u00f3nica al &#8230;<\/p>\n","protected":false},"author":1,"featured_media":0,"comment_status":"closed","ping_status":"closed","sticky":false,"template":"","format":"standard","meta":[],"categories":[1],"tags":[],"_links":{"self":[{"href":"https:\/\/www.cge-ra.org\/V16\/wp-json\/wp\/v2\/posts\/1371"}],"collection":[{"href":"https:\/\/www.cge-ra.org\/V16\/wp-json\/wp\/v2\/posts"}],"about":[{"href":"https:\/\/www.cge-ra.org\/V16\/wp-json\/wp\/v2\/types\/post"}],"author":[{"embeddable":true,"href":"https:\/\/www.cge-ra.org\/V16\/wp-json\/wp\/v2\/users\/1"}],"replies":[{"embeddable":true,"href":"https:\/\/www.cge-ra.org\/V16\/wp-json\/wp\/v2\/comments?post=1371"}],"version-history":[{"count":1,"href":"https:\/\/www.cge-ra.org\/V16\/wp-json\/wp\/v2\/posts\/1371\/revisions"}],"predecessor-version":[{"id":1372,"href":"https:\/\/www.cge-ra.org\/V16\/wp-json\/wp\/v2\/posts\/1371\/revisions\/1372"}],"wp:attachment":[{"href":"https:\/\/www.cge-ra.org\/V16\/wp-json\/wp\/v2\/media?parent=1371"}],"wp:term":[{"taxonomy":"category","embeddable":true,"href":"https:\/\/www.cge-ra.org\/V16\/wp-json\/wp\/v2\/categories?post=1371"},{"taxonomy":"post_tag","embeddable":true,"href":"https:\/\/www.cge-ra.org\/V16\/wp-json\/wp\/v2\/tags?post=1371"}],"curies":[{"name":"wp","href":"https:\/\/api.w.org\/{rel}","templated":true}]}}