{"id":1373,"date":"2014-06-02T21:21:08","date_gmt":"2014-06-02T21:21:08","guid":{"rendered":"http:\/\/www.cge-ra.org\/V16\/?p=1373"},"modified":"2018-01-09T20:43:45","modified_gmt":"2018-01-09T20:43:45","slug":"cgera-participo-de-la-visita-de-diputados-nacionales-a-alemania","status":"publish","type":"post","link":"https:\/\/www.cge-ra.org\/V16\/cgera-participo-de-la-visita-de-diputados-nacionales-a-alemania\/","title":{"rendered":"CGERA particip\u00f3 de la visita de Diputados Nacionales a Alemania"},"content":{"rendered":"<div id='gallery-1' class='gallery galleryid-1373 gallery-columns-1 gallery-size-medium'><figure class='gallery-item'>\n\t\t\t<div class='gallery-icon landscape'>\n\t\t\t\t<a href='https:\/\/www.cge-ra.org\/V16\/wp-content\/uploads\/2015\/10\/20140527_111311.jpg'><img width=\"300\" height=\"200\" src=\"https:\/\/www.cge-ra.org\/V16\/wp-content\/uploads\/2015\/10\/20140527_111311-300x200.jpg\" class=\"attachment-medium size-medium\" alt=\"\" decoding=\"async\" loading=\"lazy\" aria-describedby=\"gallery-1-1374\" srcset=\"https:\/\/www.cge-ra.org\/V16\/wp-content\/uploads\/2015\/10\/20140527_111311-300x200.jpg 300w, https:\/\/www.cge-ra.org\/V16\/wp-content\/uploads\/2015\/10\/20140527_111311.jpg 600w\" sizes=\"(max-width: 300px) 100vw, 300px\" \/><\/a>\n\t\t\t<\/div>\n\t\t\t\t<figcaption class='wp-caption-text gallery-caption' id='gallery-1-1374'>\n\t\t\t\tRecorrida por el museo de Mercedes Benz \n\t\t\t\t<\/figcaption><\/figure><figure class='gallery-item'>\n\t\t\t<div class='gallery-icon landscape'>\n\t\t\t\t<a href='https:\/\/www.cge-ra.org\/V16\/wp-content\/uploads\/2015\/10\/20140527_131556.jpg'><img width=\"300\" height=\"200\" src=\"https:\/\/www.cge-ra.org\/V16\/wp-content\/uploads\/2015\/10\/20140527_131556-300x200.jpg\" class=\"attachment-medium size-medium\" alt=\"\" decoding=\"async\" loading=\"lazy\" aria-describedby=\"gallery-1-1375\" srcset=\"https:\/\/www.cge-ra.org\/V16\/wp-content\/uploads\/2015\/10\/20140527_131556-300x200.jpg 300w, https:\/\/www.cge-ra.org\/V16\/wp-content\/uploads\/2015\/10\/20140527_131556.jpg 600w\" sizes=\"(max-width: 300px) 100vw, 300px\" \/><\/a>\n\t\t\t<\/div>\n\t\t\t\t<figcaption class='wp-caption-text gallery-caption' id='gallery-1-1375'>\n\t\t\t\tLa Delegaci\u00f3n de Diputados Nacionales en Alemania \n\t\t\t\t<\/figcaption><\/figure>\n\t\t<\/div>\n\n<p>La gira comenz\u00f3 por Stuttgart donde la delegaci\u00f3n integrada por diputados del FPV, del\u00a0 PRO y del Radicalismo fue recibida por la Vicepresidenta del parlamento local en la sede del mismo. Luego del intercambio de obsequios se consensu\u00f3 desarrollar una agenda com\u00fan como as\u00ed tambi\u00e9n realizar visitas de diputados de ambas c\u00e1maras al otro pa\u00eds.<\/p>\n<p>Terminada la reuni\u00f3n, se trasladaron a la audiencia con el Ministro de Agricultura de la regi\u00f3n con quien se intercambiaron distintas opiniones para desarrollar mejores pol\u00edticas de energ\u00eda alternativa que permitan mejorar la competitividad del sector productivo de la tierra. Adem\u00e1s, \u00a0se avanz\u00f3 en el dise\u00f1o de estrategias comunes para ambos pa\u00edses en materia de aprovechamiento del suelo y mejoramiento de la calidad del empleo.<\/p>\n<p>La siguiente jornada se destac\u00f3 por la vista a la f\u00e1brica de Mercedes Benz y al museo de la prestigiosa marca de autom\u00f3viles, colectivos, camiones y utilitarios. En las oficinas, la delegaci\u00f3n presidida por Dom\u00ednguez, fue recibida por el CEO argentino de la firma, \u00a0quien mostr\u00f3 el proyecto de la empresa para 2015 en la planta que tienen en Gonz\u00e1lez Cat\u00e1n para fabricar la Band \u00abVito\u00bb y que el Diputado Oscar Romero de SMATA celebr\u00f3 con sus palabras y reconocimiento al anuncio.<\/p>\n<p>Por su parte, \u00a0Juli\u00e1n Dom\u00ednguez dio certezas del rumbo econ\u00f3mico de la Argentina y de las posibilidades futuras que tiene nuestro pa\u00eds ya que el a\u00f1o pr\u00f3ximo tendr\u00e1 el \u00edndice m\u00e1s bajo de endeudamiento con respecto a su PBI de Am\u00e9rica Latina. Es para destacar el claro mensaje que dieron los restantes diputados nacionales que pertenecen a la oposici\u00f3n de apoyo a la inversi\u00f3n y a la generaci\u00f3n de empleo que el pa\u00eds necesita.<\/p>\n<p>El Presidente de CGERA Marcelo Fern\u00e1ndez solicit\u00f3 al empresario alem\u00e1n que Mercedes Benz sea una de las terminales ejemplo dentro del contexto argentino de integrar m\u00e1s parte y autopartes nacionales a la producci\u00f3n futura que encare la empresa.<\/p>\n<p>El viaje continu\u00f3 en M\u00fcnich, capital del estado de Baviera, donde el Presidente de la HCDN fue recibido por la Ministro de Econom\u00eda, Industria y Empleo de dicho estado con quien se habl\u00f3 de los intercambios comerciales, de innovaci\u00f3n productiva y tecnol\u00f3gica entre la regi\u00f3n y nuestro pa\u00eds.<\/p>\n<p>Al d\u00eda siguiente el Presidente de CLASS Argentina, empresa fabricante de maquinaria agr\u00edcola de alta calidad,\u00a0 agasaj\u00f3 con un almuerzo a la nutrida delegaci\u00f3n de legisladores y comitiva en un t\u00edpico restaurant alem\u00e1n del centro de M\u00fcnich. Durante el mismo el Titular de CLASS asegur\u00f3 que seguir\u00e1n realizando inversiones en el pa\u00eds y continuar\u00e1n desarrollando distintas plantas en Argentina.<\/p>\n<p>Por \u00faltimo, Juli\u00e1n Dom\u00ednguez recibi\u00f3 a un grupo de cient\u00edficos que est\u00e1n perfeccionando sus carreras en Alemania para dejarles en claro que la Argentina los espera cuando finalicen sus estudios para que trabajen en los distintos proyectos que el estado ha desarrollado para los m\u00e1s de mil cient\u00edficos repatriados. Los presentes agradecieron el inter\u00e9s de los integrantes de la delegaci\u00f3n en entrevistarse con ellos y de darles la oportunidad de pensar que la Argentina tiene inter\u00e9s en su capacidad de investigar y de volcar todo lo aprendido en el \u00e1rea ciencias y tecnolog\u00edas tan importantes para el futuro del proyecto nacional.<\/p>\n<p>\u00abFue una experiencia muy importante para la entidad porque nos permiti\u00f3 ver distintas experiencias y maneras de encarar proyectos a mediano y largo plazo\u00bb dijo Marcelo Fern\u00e1ndez, quien agradeci\u00f3 al Presidente de la C\u00e1mara de Diputados por haberle permitido acompa\u00f1ar a la comitiva de Legisladores nacionales.<\/p>\n<p>Durante la visita, se acord\u00f3 con Dom\u00ednguez realizar una jornada de debate legislativo en el congreso el pr\u00f3ximo 13 de Junio entre las distintas entidades empresarias y c\u00e1maras sectoriales para discutir anteproyectos de ley que las pymes necesit\u00e1n para continuar en el camino del crecimiento y la generaci\u00f3n de empleo.<\/p>\n","protected":false},"excerpt":{"rendered":"<p>Marcelo Fern\u00e1ndez, Presidente de la Confederaci\u00f3n General Empresaria (CGERA) particip\u00f3 en representaci\u00f3n de la entidad, de la visita oficial de Diputados Nacionales a Alemania, encabezados por el Presidente de la C\u00e1mara Dr. Juli\u00e1n Dom\u00ednguez.<\/p>\n","protected":false},"author":1,"featured_media":1375,"comment_status":"closed","ping_status":"closed","sticky":false,"template":"","format":"standard","meta":[],"categories":[1],"tags":[],"_links":{"self":[{"href":"https:\/\/www.cge-ra.org\/V16\/wp-json\/wp\/v2\/posts\/1373"}],"collection":[{"href":"https:\/\/www.cge-ra.org\/V16\/wp-json\/wp\/v2\/posts"}],"about":[{"href":"https:\/\/www.cge-ra.org\/V16\/wp-json\/wp\/v2\/types\/post"}],"author":[{"embeddable":true,"href":"https:\/\/www.cge-ra.org\/V16\/wp-json\/wp\/v2\/users\/1"}],"replies":[{"embeddable":true,"href":"https:\/\/www.cge-ra.org\/V16\/wp-json\/wp\/v2\/comments?post=1373"}],"version-history":[{"count":2,"href":"https:\/\/www.cge-ra.org\/V16\/wp-json\/wp\/v2\/posts\/1373\/revisions"}],"predecessor-version":[{"id":1377,"href":"https:\/\/www.cge-ra.org\/V16\/wp-json\/wp\/v2\/posts\/1373\/revisions\/1377"}],"wp:featuredmedia":[{"embeddable":true,"href":"https:\/\/www.cge-ra.org\/V16\/wp-json\/wp\/v2\/media\/1375"}],"wp:attachment":[{"href":"https:\/\/www.cge-ra.org\/V16\/wp-json\/wp\/v2\/media?parent=1373"}],"wp:term":[{"taxonomy":"category","embeddable":true,"href":"https:\/\/www.cge-ra.org\/V16\/wp-json\/wp\/v2\/categories?post=1373"},{"taxonomy":"post_tag","embeddable":true,"href":"https:\/\/www.cge-ra.org\/V16\/wp-json\/wp\/v2\/tags?post=1373"}],"curies":[{"name":"wp","href":"https:\/\/api.w.org\/{rel}","templated":true}]}}