{"id":1378,"date":"2014-05-30T21:25:09","date_gmt":"2014-05-30T21:25:09","guid":{"rendered":"http:\/\/www.cge-ra.org\/V16\/?p=1378"},"modified":"2018-01-09T20:43:43","modified_gmt":"2018-01-09T20:43:43","slug":"se-lanzo-en-cgera-regional-sur-el-festival-de-cine-independiente-mas-federal-del-pais","status":"publish","type":"post","link":"https:\/\/www.cge-ra.org\/V16\/se-lanzo-en-cgera-regional-sur-el-festival-de-cine-independiente-mas-federal-del-pais\/","title":{"rendered":"Se lanz\u00f3 en CGERA Regional Sur el festival de Cine Independiente m\u00e1s federal del pa\u00eds"},"content":{"rendered":"<div id='gallery-1' class='gallery galleryid-1378 gallery-columns-1 gallery-size-medium'><figure class='gallery-item'>\n\t\t\t<div class='gallery-icon landscape'>\n\t\t\t\t<a href='https:\/\/www.cge-ra.org\/V16\/wp-content\/uploads\/2015\/10\/cine.jpg'><img width=\"300\" height=\"200\" src=\"https:\/\/www.cge-ra.org\/V16\/wp-content\/uploads\/2015\/10\/cine-300x200.jpg\" class=\"attachment-medium size-medium\" alt=\"\" decoding=\"async\" loading=\"lazy\" aria-describedby=\"gallery-1-1379\" srcset=\"https:\/\/www.cge-ra.org\/V16\/wp-content\/uploads\/2015\/10\/cine-300x200.jpg 300w, https:\/\/www.cge-ra.org\/V16\/wp-content\/uploads\/2015\/10\/cine.jpg 600w\" sizes=\"(max-width: 300px) 100vw, 300px\" \/><\/a>\n\t\t\t<\/div>\n\t\t\t\t<figcaption class='wp-caption-text gallery-caption' id='gallery-1-1379'>\n\t\t\t\tParticipantes del lanzamiento de \u201cCine con Riesgo\u201d en la CGERA Regional Sur.\n\t\t\t\t<\/figcaption><\/figure>\n\t\t<\/div>\n\n<p>Cine con Riesgo\u201d se present\u00f3 en la sede de la Confederaci\u00f3n General Empresaria de la Rep\u00fablica Argentina Regional Gran Buenos Aires Sur -CGERA Regional GBA Sur-. Ser\u00e1 el Festival de Cine Independiente m\u00e1s federal y con mayor visualizaci\u00f3n del pa\u00eds, a\u00fan por encima del marketinero BAFICI. El festival exhibir\u00e1 las producciones de diversos cineastas independientes locales y regionales. \u00a0El evento ser\u00e1 en Octubre, y la presentaci\u00f3n se concret\u00f3 el martes en la sede ubicada en Ruta 36 y calle 15, del Cruce Varela.<\/p>\n<p>Adem\u00e1s de Facundo Gald\u00f3s, el joven presidente de la CGERA Regional GBA Sur, participaron del lanzamiento de \u201cCine con Riesgo\u201d Mar\u00eda Cristina Llionti; de Industrias Culturales del Ministerio de Industria de La Naci\u00f3n y Presidente de la Comisi\u00f3n de Cultura de CGERA Nacional; \u00a0Jos\u00e9 Campuzano, cineasta local reconocido a nivel nacional e internacional y Luis Mayerna, director del Centro Cultural y Biblioteca Popular Sarmiento de Florencio Varela, entre otros. \u00a0De la CGERA Regional acompa\u00f1aron: V\u00edctor Esp\u00ednola, Mar\u00eda Eugenia Ru\u00edz, y Juan Carlos Garc\u00eda; y por el lado de la flamante Comisi\u00f3n de Cultura de la CGERA local estuvieron An\u00edbal Vallejos y el artista pl\u00e1stico Adri\u00e1n Jim\u00e9nez, quien ofici\u00f3 de gu\u00eda en el evento. El catering fue de Confiter\u00eda Avenida, de Florencio Varela.<\/p>\n<p>El lanzamiento del festival cinematogr\u00e1fico de todas las provincias, \u201cCine con Riesgo\u201d, comenz\u00f3 desde muy tempranas horas, all\u00e1 por las 18 en la sede\u00a0de la Confederaci\u00f3n General Empresaria de la Rep\u00fablica Argentina Regional Gran Buenos Aires Sur -CGERA GBA Sur-. El acontecimiento mostr\u00f3 la iniciativa de exponer las producciones cinematogr\u00e1ficas locales y regionales, con el objetivo de\u00a0visualizar, detectar y fortalecer todas las realizaciones de los cineastas que no tienen visibilidad ni posibilidades en los grandes festivales. En ese sentido, Jos\u00e9 Campuzano, cineasta local reconocido a nivel nacional e internacional, Adri\u00e1n Jim\u00e9nez, artista pl\u00e1stico y An\u00edbal Vallejos, fueron los principales organizadores de la muestra, ellos conforman la Comisi\u00f3n de Cultura de la CGERA Regional GBA Sur.<\/p>\n<p>El festival \u201cde todas las provincias\u201d -as\u00ed autodenominado- comenzar\u00e1 en octubre con diversas sedes en distintas provincias del pa\u00eds, siendo la central el Centro Cultural y Biblioteca Popular Sarmiento. La\u00a0exposici\u00f3n se llevar\u00e1 a cabo en simult\u00e1neo y a trav\u00e9s de la web v\u00eda online. El pr\u00f3ximo encuentro\u00a0ser\u00eda en Cin\u00e9filo Bar, C\u00f3rdoba. Luego en Espacio INCAA, Salta, y suenan San Luis y Rio Negro como futuras sedes. As\u00ed, hasta el 31 de julio, \u201cCine con Riesgo\u201d lanzar\u00e1 su convocatoria.<\/p>\n","protected":false},"excerpt":{"rendered":"<p>La Confederaci\u00f3n General Empresaria de la Rep\u00fablica Argentina Regional Gran Buenos Aires Sur -CGERA Regional GBA Sur- invita y difunde al festival de todas las provincias: \u201cCine con Riesgo\u201d, el festival nacional de cine independiente.<\/p>\n","protected":false},"author":1,"featured_media":1379,"comment_status":"closed","ping_status":"closed","sticky":false,"template":"","format":"standard","meta":[],"categories":[1],"tags":[],"_links":{"self":[{"href":"https:\/\/www.cge-ra.org\/V16\/wp-json\/wp\/v2\/posts\/1378"}],"collection":[{"href":"https:\/\/www.cge-ra.org\/V16\/wp-json\/wp\/v2\/posts"}],"about":[{"href":"https:\/\/www.cge-ra.org\/V16\/wp-json\/wp\/v2\/types\/post"}],"author":[{"embeddable":true,"href":"https:\/\/www.cge-ra.org\/V16\/wp-json\/wp\/v2\/users\/1"}],"replies":[{"embeddable":true,"href":"https:\/\/www.cge-ra.org\/V16\/wp-json\/wp\/v2\/comments?post=1378"}],"version-history":[{"count":1,"href":"https:\/\/www.cge-ra.org\/V16\/wp-json\/wp\/v2\/posts\/1378\/revisions"}],"predecessor-version":[{"id":1380,"href":"https:\/\/www.cge-ra.org\/V16\/wp-json\/wp\/v2\/posts\/1378\/revisions\/1380"}],"wp:featuredmedia":[{"embeddable":true,"href":"https:\/\/www.cge-ra.org\/V16\/wp-json\/wp\/v2\/media\/1379"}],"wp:attachment":[{"href":"https:\/\/www.cge-ra.org\/V16\/wp-json\/wp\/v2\/media?parent=1378"}],"wp:term":[{"taxonomy":"category","embeddable":true,"href":"https:\/\/www.cge-ra.org\/V16\/wp-json\/wp\/v2\/categories?post=1378"},{"taxonomy":"post_tag","embeddable":true,"href":"https:\/\/www.cge-ra.org\/V16\/wp-json\/wp\/v2\/tags?post=1378"}],"curies":[{"name":"wp","href":"https:\/\/api.w.org\/{rel}","templated":true}]}}