{"id":1381,"date":"2014-05-16T21:27:16","date_gmt":"2014-05-16T21:27:16","guid":{"rendered":"http:\/\/www.cge-ra.org\/V16\/?p=1381"},"modified":"2018-01-09T20:43:37","modified_gmt":"2018-01-09T20:43:37","slug":"entrega-de-certificados-y-recorrida-por-el-centro-de-formacion-en-salta","status":"publish","type":"post","link":"https:\/\/www.cge-ra.org\/V16\/entrega-de-certificados-y-recorrida-por-el-centro-de-formacion-en-salta\/","title":{"rendered":"Entrega de certificados y recorrida por el Centro de Formaci\u00f3n en Salta"},"content":{"rendered":"<div id='gallery-1' class='gallery galleryid-1381 gallery-columns-1 gallery-size-medium'><figure class='gallery-item'>\n\t\t\t<div class='gallery-icon landscape'>\n\t\t\t\t<a href='https:\/\/www.cge-ra.org\/V16\/wp-content\/uploads\/2015\/10\/escuela-de-artes-y-oficios-21.jpg'><img width=\"300\" height=\"200\" src=\"https:\/\/www.cge-ra.org\/V16\/wp-content\/uploads\/2015\/10\/escuela-de-artes-y-oficios-21-300x200.jpg\" class=\"attachment-medium size-medium\" alt=\"\" decoding=\"async\" loading=\"lazy\" aria-describedby=\"gallery-1-1383\" srcset=\"https:\/\/www.cge-ra.org\/V16\/wp-content\/uploads\/2015\/10\/escuela-de-artes-y-oficios-21-300x200.jpg 300w, https:\/\/www.cge-ra.org\/V16\/wp-content\/uploads\/2015\/10\/escuela-de-artes-y-oficios-21.jpg 600w\" sizes=\"(max-width: 300px) 100vw, 300px\" \/><\/a>\n\t\t\t<\/div>\n\t\t\t\t<figcaption class='wp-caption-text gallery-caption' id='gallery-1-1383'>\n\t\t\t\tRecorrida por el centro de formaci\u00f3n \n\t\t\t\t<\/figcaption><\/figure><figure class='gallery-item'>\n\t\t\t<div class='gallery-icon landscape'>\n\t\t\t\t<a href='https:\/\/www.cge-ra.org\/V16\/wp-content\/uploads\/2015\/10\/10269423_721059934599387_341883072929536217_n.jpg'><img width=\"300\" height=\"200\" src=\"https:\/\/www.cge-ra.org\/V16\/wp-content\/uploads\/2015\/10\/10269423_721059934599387_341883072929536217_n-300x200.jpg\" class=\"attachment-medium size-medium\" alt=\"\" decoding=\"async\" loading=\"lazy\" aria-describedby=\"gallery-1-1382\" srcset=\"https:\/\/www.cge-ra.org\/V16\/wp-content\/uploads\/2015\/10\/10269423_721059934599387_341883072929536217_n-300x200.jpg 300w, https:\/\/www.cge-ra.org\/V16\/wp-content\/uploads\/2015\/10\/10269423_721059934599387_341883072929536217_n.jpg 600w\" sizes=\"(max-width: 300px) 100vw, 300px\" \/><\/a>\n\t\t\t<\/div>\n\t\t\t\t<figcaption class='wp-caption-text gallery-caption' id='gallery-1-1382'>\n\t\t\t\tEntrega de certificados \n\t\t\t\t<\/figcaption><\/figure>\n\t\t<\/div>\n\n<p>El presidente de la FAM, Julio Pereyra; el Secretario de SEDRONAR, Padre Molina; el Subsecretario del Ministerio de Planificaci\u00f3n, Abel Fatala, junto con el Presidente de CGERA, Marcelo Fern\u00e1ndez, y el Director de los Centros de Formaci\u00f3n, Guillermo Siro, recorrieron las instalaciones del Centro de capacitaci\u00f3n de CGERA donde se dictan los cursos de mec\u00e1nica de motos, cadena de valor textil y marroquiner\u00eda. Se realiz\u00f3 dentro del Marco de la reuni\u00f3n de Intendentes argentinos de la FAM.<\/p>\n<p>El centro de formaci\u00f3n continua CGERA en Salta es producto de un convenio firmado con el Intendente\u00a0\u00a0de la Ciudad, Miguel Isa.Adem\u00e1s, hay planes de expansi\u00f3n del centro a toda la Provincia de salta a trav\u00e9s de una iniciativa que se llevar\u00e1 a cabo con el Gobernador de Salta, Juan Manuel Urtubey, yla Escuela de la Administraci\u00f3n P\u00fablica de Salta.<\/p>\n<p>Adem\u00e1s, se entregaron los certificados a aquellos alumnos que se egresaron de Cadena de Valor Textil y en donde participaron el Intendente Miguel Issa, al Secretario del SEDRONAR, Padre Molina, el Subsecretario del Ministerio de Planificaci\u00f3n, Abel Fatala, Marcelo Fern\u00e1ndez y Guillermo Siro.<\/p>\n<p>La Red de Centros de Formaci\u00f3n Continua CGERA busca a trav\u00e9s de la capacitaci\u00f3n la posibilidad de crear inclusi\u00f3n social en todo el pa\u00eds, adem\u00e1s de generar competitividad en las Pymes y desarrollo regional. Guillermo Siro, Director de los centros de formaci\u00f3n sostuvo que \u201ces importante el reconocimiento de nuestra red de centro por parte de las autoridades nacionales, lo que nos impulsa a seguir creciendo y desarroll\u00e1ndonos en distintos sectores del pa\u00eds, como ya lo venimos haciendo junto al Ministerio de Trabajo\u201d.<\/p>\n","protected":false},"excerpt":{"rendered":"<p>Autoridades nacionales e intendentes recorrieron las instalaciones del Centro de Formaci\u00f3n Continua CGERA en la Ciudad de Salta. Adem\u00e1s se entregaron los certificados a los alumnos egresados de Cadena de valor textil. <\/p>\n","protected":false},"author":1,"featured_media":1383,"comment_status":"closed","ping_status":"closed","sticky":false,"template":"","format":"standard","meta":[],"categories":[1],"tags":[],"_links":{"self":[{"href":"https:\/\/www.cge-ra.org\/V16\/wp-json\/wp\/v2\/posts\/1381"}],"collection":[{"href":"https:\/\/www.cge-ra.org\/V16\/wp-json\/wp\/v2\/posts"}],"about":[{"href":"https:\/\/www.cge-ra.org\/V16\/wp-json\/wp\/v2\/types\/post"}],"author":[{"embeddable":true,"href":"https:\/\/www.cge-ra.org\/V16\/wp-json\/wp\/v2\/users\/1"}],"replies":[{"embeddable":true,"href":"https:\/\/www.cge-ra.org\/V16\/wp-json\/wp\/v2\/comments?post=1381"}],"version-history":[{"count":1,"href":"https:\/\/www.cge-ra.org\/V16\/wp-json\/wp\/v2\/posts\/1381\/revisions"}],"predecessor-version":[{"id":1384,"href":"https:\/\/www.cge-ra.org\/V16\/wp-json\/wp\/v2\/posts\/1381\/revisions\/1384"}],"wp:featuredmedia":[{"embeddable":true,"href":"https:\/\/www.cge-ra.org\/V16\/wp-json\/wp\/v2\/media\/1383"}],"wp:attachment":[{"href":"https:\/\/www.cge-ra.org\/V16\/wp-json\/wp\/v2\/media?parent=1381"}],"wp:term":[{"taxonomy":"category","embeddable":true,"href":"https:\/\/www.cge-ra.org\/V16\/wp-json\/wp\/v2\/categories?post=1381"},{"taxonomy":"post_tag","embeddable":true,"href":"https:\/\/www.cge-ra.org\/V16\/wp-json\/wp\/v2\/tags?post=1381"}],"curies":[{"name":"wp","href":"https:\/\/api.w.org\/{rel}","templated":true}]}}