{"id":1385,"date":"2014-05-12T21:33:28","date_gmt":"2014-05-12T21:33:28","guid":{"rendered":"http:\/\/www.cge-ra.org\/V16\/?p=1385"},"modified":"2018-01-09T20:43:18","modified_gmt":"2018-01-09T20:43:18","slug":"cgera-en-el-aniversario-del-partido-de-san-lorenzo-y-de-la-uci","status":"publish","type":"post","link":"https:\/\/www.cge-ra.org\/V16\/cgera-en-el-aniversario-del-partido-de-san-lorenzo-y-de-la-uci\/","title":{"rendered":"CGERA en el Aniversario del Partido de San Lorenzo y de la UCI"},"content":{"rendered":"<div id='gallery-1' class='gallery galleryid-1385 gallery-columns-1 gallery-size-medium'><figure class='gallery-item'>\n\t\t\t<div class='gallery-icon landscape'>\n\t\t\t\t<a href='https:\/\/www.cge-ra.org\/V16\/wp-content\/uploads\/2015\/10\/20140509_223501.jpg'><img width=\"300\" height=\"200\" src=\"https:\/\/www.cge-ra.org\/V16\/wp-content\/uploads\/2015\/10\/20140509_223501-300x200.jpg\" class=\"attachment-medium size-medium\" alt=\"\" decoding=\"async\" loading=\"lazy\" aria-describedby=\"gallery-1-1386\" srcset=\"https:\/\/www.cge-ra.org\/V16\/wp-content\/uploads\/2015\/10\/20140509_223501-300x200.jpg 300w, https:\/\/www.cge-ra.org\/V16\/wp-content\/uploads\/2015\/10\/20140509_223501.jpg 600w\" sizes=\"(max-width: 300px) 100vw, 300px\" \/><\/a>\n\t\t\t<\/div>\n\t\t\t\t<figcaption class='wp-caption-text gallery-caption' id='gallery-1-1386'>\n\t\t\t\tCGERA junto a la UCI entregaron placa al Intendente Raimundo por el Aniversario de San Lorenzo\n\t\t\t\t<\/figcaption><\/figure>\n\t\t<\/div>\n\n<p>Marcelo Fern\u00e1ndez, en representaci\u00f3n de CGERA,\u00a0 estuvo presente, el pasado 9 de Mayo en el evento y cena de Aniversario del Partido de San Lorenzo y de la UCI. Fue invitado especialmente por el Intendente local Dr. Leonardo Raimundo y por el Presidente de la UCI Roberto Yacuzzi.<\/p>\n<p>El acto central tuvo al Presidente de la UCI como orador dando la bienvenida a los presentes, hab\u00eda m\u00e1s de 150 empresarios de la regi\u00f3n, y autoridades de distintas localidades cercanas a San Lorenzo, entre las que se destaca la Intendenta de Fray Luis Beltr\u00e1n, el Presidente del Consejo de Deliberante San Lorenzo, y concejales de Rosario y Santa F\u00e9. Ademas, el acto cont\u00f3 con conferencias sobre distintos aspectos actuales en temas econ\u00f3micos y pol\u00edticos coordinadas por el periodista Maximiliano Montenegro.<\/p>\n<p>Por su parte el Presidente de CGERA destac\u00f3 el trabajo p\u00fablico-privado que se est\u00e1 desarrollando en la ciudad cabecera de distrito hace mucho tiempo, y con grandes resultados para el empresariado local, adem\u00e1s de los espacio que ocupan los integrantes de la UCI en el Gobierno local y que el Intendente otorgara como acuerdo pol\u00edtico a todas las medidas y pol\u00edticas que se toman para el sector productivo.<\/p>\n<p>El Dr. Raimundo cerr\u00f3 la actividad reconociendo lo dicho por Fern\u00e1ndez y dejando en claro que su gobierno cree que esta estrecha relaci\u00f3n con la entidad y los empresarios de San Lorenzo ha servido para que los comercios, Industrias y productores locales tengan bien en claro cu\u00e1l es la direcci\u00f3n que tiene su gobierno en la materia. Adem\u00e1s, agradeci\u00f3 el permanete apoyo que CGERA brinda a las empresas locales trayendo los planes, herramientas y posibilidades financieras que existen en el \u00e1rea nacional.<\/p>\n<p>Luego en la cena celebrada en la flamante Sede de la Uni\u00f3n de Comerciantes e Industriales de San Lorenzo,\u00a0 las autoridades y los empresarios continuaron con las conversaciones para seguir afianzando el v\u00ednculo que ya lleva mucho tiempo y que por lo hablado continuar\u00e1 firmemente en el futuro. Adem\u00e1s,\u00a0 la CGERA y la UCI le entregaron una placa recordatoria de la fundaci\u00f3n de la ciudad de San Lorenzo con motivo de cumplirse un nuevo aniversario al Intendente Raimundo.<\/p>\n","protected":false},"excerpt":{"rendered":"<p>Con motivo del nuevo aniversario de la creaci\u00f3n de la ciudad de San Lorenzo y de la Uni\u00f3n de Comerciantes e Industriales, la Confederaci\u00f3n General Empresaria de la Rep\u00fablica Argentina estuvo presente en el acto celebrado en el Centro de Convenciones de la Ciudad santafesina. <\/p>\n","protected":false},"author":1,"featured_media":1386,"comment_status":"closed","ping_status":"closed","sticky":false,"template":"","format":"standard","meta":[],"categories":[1],"tags":[],"_links":{"self":[{"href":"https:\/\/www.cge-ra.org\/V16\/wp-json\/wp\/v2\/posts\/1385"}],"collection":[{"href":"https:\/\/www.cge-ra.org\/V16\/wp-json\/wp\/v2\/posts"}],"about":[{"href":"https:\/\/www.cge-ra.org\/V16\/wp-json\/wp\/v2\/types\/post"}],"author":[{"embeddable":true,"href":"https:\/\/www.cge-ra.org\/V16\/wp-json\/wp\/v2\/users\/1"}],"replies":[{"embeddable":true,"href":"https:\/\/www.cge-ra.org\/V16\/wp-json\/wp\/v2\/comments?post=1385"}],"version-history":[{"count":1,"href":"https:\/\/www.cge-ra.org\/V16\/wp-json\/wp\/v2\/posts\/1385\/revisions"}],"predecessor-version":[{"id":1387,"href":"https:\/\/www.cge-ra.org\/V16\/wp-json\/wp\/v2\/posts\/1385\/revisions\/1387"}],"wp:featuredmedia":[{"embeddable":true,"href":"https:\/\/www.cge-ra.org\/V16\/wp-json\/wp\/v2\/media\/1386"}],"wp:attachment":[{"href":"https:\/\/www.cge-ra.org\/V16\/wp-json\/wp\/v2\/media?parent=1385"}],"wp:term":[{"taxonomy":"category","embeddable":true,"href":"https:\/\/www.cge-ra.org\/V16\/wp-json\/wp\/v2\/categories?post=1385"},{"taxonomy":"post_tag","embeddable":true,"href":"https:\/\/www.cge-ra.org\/V16\/wp-json\/wp\/v2\/tags?post=1385"}],"curies":[{"name":"wp","href":"https:\/\/api.w.org\/{rel}","templated":true}]}}