{"id":1388,"date":"2014-04-29T21:35:09","date_gmt":"2014-04-29T21:35:09","guid":{"rendered":"http:\/\/www.cge-ra.org\/V16\/?p=1388"},"modified":"2018-01-09T20:43:13","modified_gmt":"2018-01-09T20:43:13","slug":"la-presidenta-anuncio-nuevas-medidas-para-la-industria-el-campo-y-las-provincias","status":"publish","type":"post","link":"https:\/\/www.cge-ra.org\/V16\/la-presidenta-anuncio-nuevas-medidas-para-la-industria-el-campo-y-las-provincias\/","title":{"rendered":"La presidenta anunci\u00f3 Nuevas medidas para la Industria, el Campo y las Provincias"},"content":{"rendered":"<div id='gallery-1' class='gallery galleryid-1388 gallery-columns-1 gallery-size-medium'><figure class='gallery-item'>\n\t\t\t<div class='gallery-icon landscape'>\n\t\t\t\t<a href='https:\/\/www.cge-ra.org\/V16\/wp-content\/uploads\/2015\/10\/marcelo-y-cristina-casa-de-gobierno.jpg'><img width=\"300\" height=\"200\" src=\"https:\/\/www.cge-ra.org\/V16\/wp-content\/uploads\/2015\/10\/marcelo-y-cristina-casa-de-gobierno-300x200.jpg\" class=\"attachment-medium size-medium\" alt=\"\" decoding=\"async\" loading=\"lazy\" aria-describedby=\"gallery-1-1389\" srcset=\"https:\/\/www.cge-ra.org\/V16\/wp-content\/uploads\/2015\/10\/marcelo-y-cristina-casa-de-gobierno-300x200.jpg 300w, https:\/\/www.cge-ra.org\/V16\/wp-content\/uploads\/2015\/10\/marcelo-y-cristina-casa-de-gobierno.jpg 600w\" sizes=\"(max-width: 300px) 100vw, 300px\" \/><\/a>\n\t\t\t<\/div>\n\t\t\t\t<figcaption class='wp-caption-text gallery-caption' id='gallery-1-1389'>\n\t\t\t\tMarcelo Fern\u00e1ndez, Presidente de CGERA junto a la Presidenta, Cristina Fern\u00e1ndez. \n\t\t\t\t<\/figcaption><\/figure>\n\t\t<\/div>\n\n<p>El Gobierno anunci\u00f3 la creaci\u00f3n del Programa FONDEAR (Fondo para el desarrollo argentino) destinado a pymes y grandes empresas, que prev\u00e9 la inyecci\u00f3n de esa cantidad de dinero en pr\u00e9stamos. Adem\u00e1s, anunci\u00f3 la devoluci\u00f3n de las retenciones de trigo, la aplicaci\u00f3n de la oferta exportable de cereal y a refinanciaci\u00f3n de las deudas provinciales. Adem\u00e1s, \u00a0instrument\u00f3 una nueva tarjeta de identificaci\u00f3n laboral para las trabajadoras en casas particulares.<\/p>\n<p>La presidenta, enfatiz\u00f3 sobre la importancia de la intervenci\u00f3n del Estado en la econom\u00eda, sin la cual los momentos de dificultades econ\u00f3micas ser\u00edan mucho m\u00e1s dif\u00edciles. \u201cMenos mal que hay Estado en la Argentina, cada vez que el Estado se retir\u00f3, el pueblo fue devastado\u201d, sostuvo, y record\u00f3 las experiencias del \u201955, la \u00faltima dictadura y el menemismo.<\/p>\n<p>El Secretario de CGERA, Ra\u00fal Zylbersztein, quien form\u00f3 parte del acto, sostuvo que desde la CGERA \u201cApoyamos firmemente los comentarios de la Presidenta en su an\u00e1lisis de los destinos del cr\u00e9dito en el pa\u00eds y sus consecuencias en el empleo y en la inflaci\u00f3n. Esto demustra que el gran d\u00e9ficit de la inversi\u00f3n, en especial en las pymes, se explica en la poca y mala distribuci\u00f3n del cr\u00e9dito\u00bb. Adem\u00e1s agreg\u00f3 que \u201cSolo se puede estar a favor de que todos los trabajadores tengan la posibilidad de tener sus derechos laborales. Las trabajadoras de casas de familias representan la mayor\u00eda del trabajo en negro del pa\u00eds; y todo trabajo que se haga para bajar el trabajo en negro es vital.\u00bb<\/p>\n<p>El objetivo del Programa FONDEAR es facilitar el acceso al financiamiento para proyectos que promuevan la inversi\u00f3n en sectores estrat\u00e9gicos para el desarrollo econ\u00f3mico y social del pa\u00eds, la puesta en marcha de actividades con elevado contenido tecnol\u00f3gico y la generaci\u00f3n de mayor valor agregado en las econom\u00edas regionales.<\/p>\n<p>Asimismo, tiene la finalidad de continuar con el proceso de industrializaci\u00f3n con fuerte contenido tecnol\u00f3gico y con la generaci\u00f3n de valor agregado en origen, lo cual incrementa la productividad de las econom\u00edas regionales y la generaci\u00f3n de empleo genuino.<\/p>\n","protected":false},"excerpt":{"rendered":"<p>La Confederaci\u00f3n General Empresaria (CGERA) particip\u00f3 del acto realizado en Casa de Gobierno en donde la Presidenta de la Naci\u00f3n, Cristina Fern\u00e1ndez de Kirchner, dio a conocer  cuatro medidas para apuntalar la actividad econ\u00f3mica y profundizar la protecci\u00f3n social a sectores vulnerables.<\/p>\n","protected":false},"author":1,"featured_media":1389,"comment_status":"closed","ping_status":"closed","sticky":false,"template":"","format":"standard","meta":[],"categories":[1],"tags":[],"_links":{"self":[{"href":"https:\/\/www.cge-ra.org\/V16\/wp-json\/wp\/v2\/posts\/1388"}],"collection":[{"href":"https:\/\/www.cge-ra.org\/V16\/wp-json\/wp\/v2\/posts"}],"about":[{"href":"https:\/\/www.cge-ra.org\/V16\/wp-json\/wp\/v2\/types\/post"}],"author":[{"embeddable":true,"href":"https:\/\/www.cge-ra.org\/V16\/wp-json\/wp\/v2\/users\/1"}],"replies":[{"embeddable":true,"href":"https:\/\/www.cge-ra.org\/V16\/wp-json\/wp\/v2\/comments?post=1388"}],"version-history":[{"count":1,"href":"https:\/\/www.cge-ra.org\/V16\/wp-json\/wp\/v2\/posts\/1388\/revisions"}],"predecessor-version":[{"id":1390,"href":"https:\/\/www.cge-ra.org\/V16\/wp-json\/wp\/v2\/posts\/1388\/revisions\/1390"}],"wp:featuredmedia":[{"embeddable":true,"href":"https:\/\/www.cge-ra.org\/V16\/wp-json\/wp\/v2\/media\/1389"}],"wp:attachment":[{"href":"https:\/\/www.cge-ra.org\/V16\/wp-json\/wp\/v2\/media?parent=1388"}],"wp:term":[{"taxonomy":"category","embeddable":true,"href":"https:\/\/www.cge-ra.org\/V16\/wp-json\/wp\/v2\/categories?post=1388"},{"taxonomy":"post_tag","embeddable":true,"href":"https:\/\/www.cge-ra.org\/V16\/wp-json\/wp\/v2\/tags?post=1388"}],"curies":[{"name":"wp","href":"https:\/\/api.w.org\/{rel}","templated":true}]}}