{"id":1391,"date":"2014-04-25T13:23:33","date_gmt":"2014-04-25T13:23:33","guid":{"rendered":"http:\/\/www.cge-ra.org\/V16\/?p=1391"},"modified":"2018-01-09T20:35:19","modified_gmt":"2018-01-09T20:35:19","slug":"sectores-de-la-cgera-firmaron-acuerdos-con-la-presidenta","status":"publish","type":"post","link":"https:\/\/www.cge-ra.org\/V16\/sectores-de-la-cgera-firmaron-acuerdos-con-la-presidenta\/","title":{"rendered":"Sectores de la CGERA firmaron acuerdos con la Presidenta"},"content":{"rendered":"<div id='gallery-1' class='gallery galleryid-1391 gallery-columns-1 gallery-size-medium'><figure class='gallery-item'>\n\t\t\t<div class='gallery-icon landscape'>\n\t\t\t\t<a href='https:\/\/www.cge-ra.org\/V16\/wp-content\/uploads\/2015\/10\/CFK-Convenios-1-1.jpg'><img width=\"300\" height=\"200\" src=\"https:\/\/www.cge-ra.org\/V16\/wp-content\/uploads\/2015\/10\/CFK-Convenios-1-1-300x200.jpg\" class=\"attachment-medium size-medium\" alt=\"\" decoding=\"async\" loading=\"lazy\" aria-describedby=\"gallery-1-1392\" srcset=\"https:\/\/www.cge-ra.org\/V16\/wp-content\/uploads\/2015\/10\/CFK-Convenios-1-1-300x200.jpg 300w, https:\/\/www.cge-ra.org\/V16\/wp-content\/uploads\/2015\/10\/CFK-Convenios-1-1.jpg 600w\" sizes=\"(max-width: 300px) 100vw, 300px\" \/><\/a>\n\t\t\t<\/div>\n\t\t\t\t<figcaption class='wp-caption-text gallery-caption' id='gallery-1-1392'>\n\t\t\t\tMarcelo Fern\u00e1ndez asisti\u00f3 al acto de Casa de Gobierno en representaci\u00f3n de CGERA. \n\t\t\t\t<\/figcaption><\/figure>\n\t\t<\/div>\n\n<p>La Confederaci\u00f3n General Empresaria (CGERA) particip\u00f3 del acto en Casa de Gobierno encabezado por La presidenta Cristina Fern\u00e1ndez de Kirchner junto con el Jefe de Gabinete, Jorge Capitanich, y de la Ministra de Industria, D\u00e9bora Giorgi, en el que se rubricaron acuerdos con 12 cadenas de valor estrat\u00e9gicas para la estructura productiva nacional, en el marco del programa \u201cValor Pa\u00eds\u201d. Este conglomerado generar\u00e1, hacia 2015, unos 120.268\u00a0 nuevos puestos de trabajo, incrementar\u00e1 cerca del 7% de\u00a0 producci\u00f3n (en promedio) y sumar\u00e1 m\u00e1s de 1.912 millones de d\u00f3lares en exportaciones.<\/p>\n<p>Marcelo Fern\u00e1ndez, Presidente de CGERA, luego del acto manifest\u00f3 que \u201csectores pertenecientes a CGERA han firmado y creemos que estos acuerdos son fruto de los espacios de di\u00e1logo entre los funcionarios de gobierno y los distintos sectores empresarios, espacios que queremos se mantengan, se potencien y que as\u00ed todos juntos logremos alcanzar las metas establecidas, que en muchos casos son ambiciosas, pero realizables\u201d.<\/p>\n<p>El objetivo es consolidar la creaci\u00f3n de m\u00e1s y mejor empleo, la incorporaci\u00f3n de tecnolog\u00eda, el incremento de las exportaciones con valor agregado en origen y el aumento de la producci\u00f3n local. La iniciativa es producto del di\u00e1logo iniciado por la presidenta Cristina Fern\u00e1ndez de Kirchner el a\u00f1o pasado, en el cual CGERA particip\u00f3 de los tres encuentros, representando al sector.<\/p>\n<p>El Estado Nacional pone a disposici\u00f3n de las cadenas de valor los programas y acciones de incentivo a la producci\u00f3n que tiene vigentes, como las l\u00edneas de financiamiento blando y los mecanismos de fortalecimiento del comercio exterior.<\/p>\n","protected":false},"excerpt":{"rendered":"<p>Los productores de software, madera y muebles, aluminio, textil, l\u00ednea blanca de electrodom\u00e9sticos, ap\u00edcola, arrocero, av\u00edcola, bienes de capital, hort\u00edcola, qu\u00edmica de consumo y turismo, 12 de las 36 cadenas de valor identificadas por el Gobierno, rubricaron acuerdos, en un acto encabezado por la presidenta Cristina Fern\u00e1ndez de Kirchner. <\/p>\n","protected":false},"author":1,"featured_media":1392,"comment_status":"closed","ping_status":"closed","sticky":false,"template":"","format":"standard","meta":[],"categories":[1],"tags":[],"_links":{"self":[{"href":"https:\/\/www.cge-ra.org\/V16\/wp-json\/wp\/v2\/posts\/1391"}],"collection":[{"href":"https:\/\/www.cge-ra.org\/V16\/wp-json\/wp\/v2\/posts"}],"about":[{"href":"https:\/\/www.cge-ra.org\/V16\/wp-json\/wp\/v2\/types\/post"}],"author":[{"embeddable":true,"href":"https:\/\/www.cge-ra.org\/V16\/wp-json\/wp\/v2\/users\/1"}],"replies":[{"embeddable":true,"href":"https:\/\/www.cge-ra.org\/V16\/wp-json\/wp\/v2\/comments?post=1391"}],"version-history":[{"count":1,"href":"https:\/\/www.cge-ra.org\/V16\/wp-json\/wp\/v2\/posts\/1391\/revisions"}],"predecessor-version":[{"id":1393,"href":"https:\/\/www.cge-ra.org\/V16\/wp-json\/wp\/v2\/posts\/1391\/revisions\/1393"}],"wp:featuredmedia":[{"embeddable":true,"href":"https:\/\/www.cge-ra.org\/V16\/wp-json\/wp\/v2\/media\/1392"}],"wp:attachment":[{"href":"https:\/\/www.cge-ra.org\/V16\/wp-json\/wp\/v2\/media?parent=1391"}],"wp:term":[{"taxonomy":"category","embeddable":true,"href":"https:\/\/www.cge-ra.org\/V16\/wp-json\/wp\/v2\/categories?post=1391"},{"taxonomy":"post_tag","embeddable":true,"href":"https:\/\/www.cge-ra.org\/V16\/wp-json\/wp\/v2\/tags?post=1391"}],"curies":[{"name":"wp","href":"https:\/\/api.w.org\/{rel}","templated":true}]}}