{"id":1394,"date":"2014-04-24T13:25:32","date_gmt":"2014-04-24T13:25:32","guid":{"rendered":"http:\/\/www.cge-ra.org\/V16\/?p=1394"},"modified":"2018-01-09T20:35:23","modified_gmt":"2018-01-09T20:35:23","slug":"monsenor-tissera-bendice-la-cgera-regional-sur","status":"publish","type":"post","link":"https:\/\/www.cge-ra.org\/V16\/monsenor-tissera-bendice-la-cgera-regional-sur\/","title":{"rendered":"Monse\u00f1or Tissera Bendice la CGERA Regional Sur"},"content":{"rendered":"<div id='gallery-1' class='gallery galleryid-1394 gallery-columns-1 gallery-size-medium'><figure class='gallery-item'>\n\t\t\t<div class='gallery-icon landscape'>\n\t\t\t\t<a href='https:\/\/www.cge-ra.org\/V16\/wp-content\/uploads\/2015\/10\/varela-2.jpg'><img width=\"300\" height=\"200\" src=\"https:\/\/www.cge-ra.org\/V16\/wp-content\/uploads\/2015\/10\/varela-2-300x200.jpg\" class=\"attachment-medium size-medium\" alt=\"\" decoding=\"async\" loading=\"lazy\" aria-describedby=\"gallery-1-1395\" srcset=\"https:\/\/www.cge-ra.org\/V16\/wp-content\/uploads\/2015\/10\/varela-2-300x200.jpg 300w, https:\/\/www.cge-ra.org\/V16\/wp-content\/uploads\/2015\/10\/varela-2.jpg 600w\" sizes=\"(max-width: 300px) 100vw, 300px\" \/><\/a>\n\t\t\t<\/div>\n\t\t\t\t<figcaption class='wp-caption-text gallery-caption' id='gallery-1-1395'>\n\t\t\t\tLos compa\u00f1eros dando su apoyo a la apertura de la nueve sede de CGERA Regional Sur\n\t\t\t\t<\/figcaption><\/figure><figure class='gallery-item'>\n\t\t\t<div class='gallery-icon landscape'>\n\t\t\t\t<a href='https:\/\/www.cge-ra.org\/V16\/wp-content\/uploads\/2015\/10\/varela.jpg'><img width=\"300\" height=\"200\" src=\"https:\/\/www.cge-ra.org\/V16\/wp-content\/uploads\/2015\/10\/varela-300x200.jpg\" class=\"attachment-medium size-medium\" alt=\"\" decoding=\"async\" loading=\"lazy\" aria-describedby=\"gallery-1-1396\" srcset=\"https:\/\/www.cge-ra.org\/V16\/wp-content\/uploads\/2015\/10\/varela-300x200.jpg 300w, https:\/\/www.cge-ra.org\/V16\/wp-content\/uploads\/2015\/10\/varela.jpg 600w\" sizes=\"(max-width: 300px) 100vw, 300px\" \/><\/a>\n\t\t\t<\/div>\n\t\t\t\t<figcaption class='wp-caption-text gallery-caption' id='gallery-1-1396'>\n\t\t\t\tEl Obispo de Quilmes dando su bendici\u00f3n a las instalaciones\n\t\t\t\t<\/figcaption><\/figure>\n\t\t<\/div>\n\n<p>El lunes 21 de abril, el Obispo de la Di\u00f3cesis (que re\u00fane a las parroquias y capillas de los distritos de Quilmes, Florencio Varela y Berazategui), Carlos Jos\u00e9 Tissera, bendijo las instalaciones de la flamante sede regional de la CGERA. Tambi\u00e9n, el Prosecretario de la entidad, Guillermo Siro, entreg\u00f3 como presente, la Bandera de Ceremonia de la Rep\u00fablica Argentina y la Bandera bonaerense, fue entregada en manos del titular de la Confederaci\u00f3n General Econ\u00f3mica de la Provincia de Buenos Aires, Aladino Benassi.<\/p>\n<p>El acto fue presidido por el presidente de la regional sur, Facundo Galdos, acompa\u00f1ado por los miembros de la sede. Adem\u00e1s, participaron de la ceremonia, funcionarios de los distritos de Quilmes, Varela y Berazategui junto a empresarios Pymes de diferentes Regiones. Estuvieron presentes de la CGERA nacional, el Dr. Guillermo Siro, Marcelo Girard y dem\u00e1s integrantes; tambi\u00e9n particip\u00f3, Aladino Benassi, titular de CEPBA; Daniel Rosato, Presidente de la Uni\u00f3n Industrial de Berazategui; compa\u00f1eros de la CNCT y CGT regional.<\/p>\n<p>Facundo Galdos, quien preside hace un a\u00f1o y medio la CGERA Regional GBA sur, sostuvo que \u00a0\u201ces un honor que Monse\u00f1or Tissera se tome un tiempo de su agenda para impartir su bendici\u00f3n a nuestra sede, y eso habla del compromiso de la Iglesia Cat\u00f3lica local para con nuestras empresas y cooperativas que son, ni m\u00e1s ni menos, quienes ocupan la mayor cantidad de mano de obra en la regi\u00f3n y el pa\u00eds.\u00a0 Eso va, obviamente, en sinton\u00eda con nuestro Santo Padre Francisco, donde la dignidad del hombre hecha realidad en el trabajo est\u00e1 presente en cada una de sus homil\u00edas\u201d. Aparte, indic\u00f3 que \u201cEstamos con mucho trabajo y a\u00fan no estamos funcionando a full -expres\u00f3 Facundo Gald\u00f3s a nuestra emisora, donde adem\u00e1s conduce el \u201cReporte CGERA\u201d los viernes y s\u00e1bados-, pero la verdad es que todos los que visitan la Casa se van fascinados y se comprometen a trabajar mancomunadamente con la CGERA en pos del acompa\u00f1amiento y fortalecimiento de las Pymes de la regi\u00f3n\u201d.<\/p>\n<p>El Presidente de CGERA, Marcelo Fern\u00e1ndez, enfatiz\u00f3 que \u201cEs importante agruparse para que las Pymes Regionales tengan una mayor representaci\u00f3n\u201d.<\/p>\n<p>La sede es una de las m\u00e1s importantes de la provincia y del pa\u00eds a nivel de entidades de ayuda y respaldo a las peque\u00f1as y medianas empresas y cooperativas. El predio consta de una casa principal, donde funcionan las oficinas y sala de reuniones, y dos estructuras m\u00e1s rodeadas de parque donde funcionar\u00e1n diversos talleres de capacitaci\u00f3n y un proyecto de comunicaci\u00f3n, que ser\u00e1 develado en poco tiempo m\u00e1s.<\/p>\n","protected":false},"excerpt":{"rendered":"<p>En un emotivo acto se puso en marcha la nueva sede de la confederaci\u00f3n General Empresaria (CGERA) en el Conurbano Sur, la cual fue bendecida por el Obispo de Quilmes.<\/p>\n","protected":false},"author":1,"featured_media":1396,"comment_status":"closed","ping_status":"closed","sticky":false,"template":"","format":"standard","meta":[],"categories":[1],"tags":[],"_links":{"self":[{"href":"https:\/\/www.cge-ra.org\/V16\/wp-json\/wp\/v2\/posts\/1394"}],"collection":[{"href":"https:\/\/www.cge-ra.org\/V16\/wp-json\/wp\/v2\/posts"}],"about":[{"href":"https:\/\/www.cge-ra.org\/V16\/wp-json\/wp\/v2\/types\/post"}],"author":[{"embeddable":true,"href":"https:\/\/www.cge-ra.org\/V16\/wp-json\/wp\/v2\/users\/1"}],"replies":[{"embeddable":true,"href":"https:\/\/www.cge-ra.org\/V16\/wp-json\/wp\/v2\/comments?post=1394"}],"version-history":[{"count":1,"href":"https:\/\/www.cge-ra.org\/V16\/wp-json\/wp\/v2\/posts\/1394\/revisions"}],"predecessor-version":[{"id":1397,"href":"https:\/\/www.cge-ra.org\/V16\/wp-json\/wp\/v2\/posts\/1394\/revisions\/1397"}],"wp:featuredmedia":[{"embeddable":true,"href":"https:\/\/www.cge-ra.org\/V16\/wp-json\/wp\/v2\/media\/1396"}],"wp:attachment":[{"href":"https:\/\/www.cge-ra.org\/V16\/wp-json\/wp\/v2\/media?parent=1394"}],"wp:term":[{"taxonomy":"category","embeddable":true,"href":"https:\/\/www.cge-ra.org\/V16\/wp-json\/wp\/v2\/categories?post=1394"},{"taxonomy":"post_tag","embeddable":true,"href":"https:\/\/www.cge-ra.org\/V16\/wp-json\/wp\/v2\/tags?post=1394"}],"curies":[{"name":"wp","href":"https:\/\/api.w.org\/{rel}","templated":true}]}}