{"id":1398,"date":"2014-04-15T13:31:50","date_gmt":"2014-04-15T13:31:50","guid":{"rendered":"http:\/\/www.cge-ra.org\/V16\/?p=1398"},"modified":"2018-01-09T20:35:26","modified_gmt":"2018-01-09T20:35:26","slug":"las-pymes-dieron-un-fuerte-apoyo-a-la-ley-contra-el-trabajo-no-registrado","status":"publish","type":"post","link":"https:\/\/www.cge-ra.org\/V16\/las-pymes-dieron-un-fuerte-apoyo-a-la-ley-contra-el-trabajo-no-registrado\/","title":{"rendered":"Las pymes dieron un fuerte apoyo a la ley contra el trabajo no registrado"},"content":{"rendered":"<div id='gallery-1' class='gallery galleryid-1398 gallery-columns-1 gallery-size-medium'><figure class='gallery-item'>\n\t\t\t<div class='gallery-icon landscape'>\n\t\t\t\t<a href='https:\/\/www.cge-ra.org\/V16\/wp-content\/uploads\/2015\/10\/casa-rosada-2.jpg'><img width=\"300\" height=\"200\" src=\"https:\/\/www.cge-ra.org\/V16\/wp-content\/uploads\/2015\/10\/casa-rosada-2-300x200.jpg\" class=\"attachment-medium size-medium\" alt=\"\" decoding=\"async\" loading=\"lazy\" aria-describedby=\"gallery-1-1399\" srcset=\"https:\/\/www.cge-ra.org\/V16\/wp-content\/uploads\/2015\/10\/casa-rosada-2-300x200.jpg 300w, https:\/\/www.cge-ra.org\/V16\/wp-content\/uploads\/2015\/10\/casa-rosada-2.jpg 600w\" sizes=\"(max-width: 300px) 100vw, 300px\" \/><\/a>\n\t\t\t<\/div>\n\t\t\t\t<figcaption class='wp-caption-text gallery-caption' id='gallery-1-1399'>\n\t\t\t\tLa Presidenta Cristina Fern\u00e1ndez di\u00f3 el anuncio en la Casa Rosada \n\t\t\t\t<\/figcaption><\/figure>\n\t\t<\/div>\n\n<p>La CGERA viene trabajando esta problem\u00e1tica desde los distintos espacios de Di\u00e1logo Social propuestos por el Gobierno Nacional, junto a la Presidenta Cristina Fern\u00e1ndez, El Jefe de Gabinete Jorge Capitanich, y todo el equipo econ\u00f3mico. Desde que existe el trabajo informal en Argentina, ser\u00e1 la primera vez que contaremos con un instrumento legal general y efectivo pensado para combatir el segundo gran problema que enfrentan los trabajadores, luego de la desocupaci\u00f3n.<\/p>\n<p>Marcelo Fern\u00e1ndez, presidente de la CGERA, luego de participar del anuncio en la Casa Rosada en representaci\u00f3n de CGERA, expres\u00f3 que \u201ces una respuesta a un tema que venimos trabajando conjuntamente con distintas \u00e1reas del Gobierno y una verdadera decisi\u00f3n contra un mal que carcome la competitividad de los empresarios nacionales que trabajan en el marco de la ley\u201d.<\/p>\n<p>\u201cEs adem\u00e1s un orgullo que el 65% de los beneficios que sea destinado a las microempresas, ya que es una clara demostraci\u00f3n de la confianza que deposita el Gobierno en el tejido productivo pyme para que este consolide la econom\u00eda nacional\u201d destac\u00f3 Fern\u00e1ndez.<\/p>\n<p>El texto contempla la reducci\u00f3n de contribuciones patronales para microempresas, medidas de fortalecimiento en la fiscalizaci\u00f3n y capacidad de inspecci\u00f3n del Estado nacional y la creaci\u00f3n de un registro donde se incluir\u00e1 a las empresas que violen la legislaci\u00f3n laboral.<\/p>\n<p>Una vez incorporadas a esa \u201clista negra\u201d, las firmas deber\u00e1n pagar la multa correspondiente y durante tres meses no podr\u00e1n ser contratistas del Estado, perder\u00e1n todo tipo de subsidio y tendr\u00e1n prohibido acceder a l\u00edneas de cr\u00e9dito otorgadas por instituciones bancarias p\u00fablicas.<\/p>\n<p>La Presidenta asegur\u00f3 que con esta bater\u00eda de instrumentos se apuesta a regularizar a 300 mil trabajadores durante el primer a\u00f1o de vigencia y a 650 mil en dos a\u00f1os, lo que permitir\u00eda reducir la tasa de informalidad de 33,5 a 28 por ciento. La ley beneficiar\u00e1 a cerca de 290 mil microempleadores con el objetivo de facilitar la registraci\u00f3n de sus trabajadores, n\u00famero que representa al 50% del total de los empleadores formales.<\/p>\n<p>El Ministro de Trabajo, Carlos Tomada, sostuvo que el proyecto \u00abtiene m\u00e1s de 10 a\u00f1os de experiencias, de trabajo did\u00e1ctico, de difusi\u00f3n y de b\u00fasqueda de resultados. Y en el \u00faltimo a\u00f1o, con motivo de la mesa de di\u00e1logo que abri\u00f3 la presidenta Cristina Fern\u00e1ndez de Kirchner, hay un trabajo conjunto con los gremios y con los empresarios que hizo que se llegara como conclusi\u00f3n a este proyecto que estamos enviando al Congreso\u00bb.<\/p>\n","protected":false},"excerpt":{"rendered":"<p>La Confederaci\u00f3n General Empresaria (CGERA) expres\u00f3 su satisfacci\u00f3n sobre el anuncio realizado por la Presidenta de la Naci\u00f3n ayer en la Casa de Gobierno, donde present\u00f3 un proyecto de ley de Promoci\u00f3n del Trabajo Registrado y Prevenci\u00f3n del Fraude Laboral. La iniciativa pretende erradicar el trabajo informal a trav\u00e9s de la formalizaci\u00f3n 650 mil puestos en dos a\u00f1os.<\/p>\n","protected":false},"author":1,"featured_media":1399,"comment_status":"closed","ping_status":"closed","sticky":false,"template":"","format":"standard","meta":[],"categories":[1],"tags":[],"_links":{"self":[{"href":"https:\/\/www.cge-ra.org\/V16\/wp-json\/wp\/v2\/posts\/1398"}],"collection":[{"href":"https:\/\/www.cge-ra.org\/V16\/wp-json\/wp\/v2\/posts"}],"about":[{"href":"https:\/\/www.cge-ra.org\/V16\/wp-json\/wp\/v2\/types\/post"}],"author":[{"embeddable":true,"href":"https:\/\/www.cge-ra.org\/V16\/wp-json\/wp\/v2\/users\/1"}],"replies":[{"embeddable":true,"href":"https:\/\/www.cge-ra.org\/V16\/wp-json\/wp\/v2\/comments?post=1398"}],"version-history":[{"count":1,"href":"https:\/\/www.cge-ra.org\/V16\/wp-json\/wp\/v2\/posts\/1398\/revisions"}],"predecessor-version":[{"id":1400,"href":"https:\/\/www.cge-ra.org\/V16\/wp-json\/wp\/v2\/posts\/1398\/revisions\/1400"}],"wp:featuredmedia":[{"embeddable":true,"href":"https:\/\/www.cge-ra.org\/V16\/wp-json\/wp\/v2\/media\/1399"}],"wp:attachment":[{"href":"https:\/\/www.cge-ra.org\/V16\/wp-json\/wp\/v2\/media?parent=1398"}],"wp:term":[{"taxonomy":"category","embeddable":true,"href":"https:\/\/www.cge-ra.org\/V16\/wp-json\/wp\/v2\/categories?post=1398"},{"taxonomy":"post_tag","embeddable":true,"href":"https:\/\/www.cge-ra.org\/V16\/wp-json\/wp\/v2\/tags?post=1398"}],"curies":[{"name":"wp","href":"https:\/\/api.w.org\/{rel}","templated":true}]}}