{"id":1401,"date":"2014-03-12T13:32:31","date_gmt":"2014-03-12T13:32:31","guid":{"rendered":"http:\/\/www.cge-ra.org\/V16\/?p=1401"},"modified":"2018-01-09T20:35:28","modified_gmt":"2018-01-09T20:35:28","slug":"arnaldo-bocco-en-la-cgera","status":"publish","type":"post","link":"https:\/\/www.cge-ra.org\/V16\/arnaldo-bocco-en-la-cgera\/","title":{"rendered":"Arnaldo Bocco en la CGERA"},"content":{"rendered":"<div id='gallery-1' class='gallery galleryid-1401 gallery-columns-1 gallery-size-medium'><figure class='gallery-item'>\n\t\t\t<div class='gallery-icon landscape'>\n\t\t\t\t<a href='https:\/\/www.cge-ra.org\/V16\/wp-content\/uploads\/2015\/10\/20140311_183304.jpg'><img width=\"300\" height=\"200\" src=\"https:\/\/www.cge-ra.org\/V16\/wp-content\/uploads\/2015\/10\/20140311_183304-300x200.jpg\" class=\"attachment-medium size-medium\" alt=\"\" decoding=\"async\" loading=\"lazy\" aria-describedby=\"gallery-1-1402\" srcset=\"https:\/\/www.cge-ra.org\/V16\/wp-content\/uploads\/2015\/10\/20140311_183304-300x200.jpg 300w, https:\/\/www.cge-ra.org\/V16\/wp-content\/uploads\/2015\/10\/20140311_183304.jpg 600w\" sizes=\"(max-width: 300px) 100vw, 300px\" \/><\/a>\n\t\t\t<\/div>\n\t\t\t\t<figcaption class='wp-caption-text gallery-caption' id='gallery-1-1402'>\n\t\t\t\tLa Comisi\u00f3n Directiva de CGERA durante la charla de Arnaldo Bocco \n\t\t\t\t<\/figcaption><\/figure><figure class='gallery-item'>\n\t\t\t<div class='gallery-icon landscape'>\n\t\t\t\t<a href='https:\/\/www.cge-ra.org\/V16\/wp-content\/uploads\/2015\/10\/20140311_191436.jpg'><img width=\"300\" height=\"200\" src=\"https:\/\/www.cge-ra.org\/V16\/wp-content\/uploads\/2015\/10\/20140311_191436-300x200.jpg\" class=\"attachment-medium size-medium\" alt=\"\" decoding=\"async\" loading=\"lazy\" aria-describedby=\"gallery-1-1403\" srcset=\"https:\/\/www.cge-ra.org\/V16\/wp-content\/uploads\/2015\/10\/20140311_191436-300x200.jpg 300w, https:\/\/www.cge-ra.org\/V16\/wp-content\/uploads\/2015\/10\/20140311_191436.jpg 600w\" sizes=\"(max-width: 300px) 100vw, 300px\" \/><\/a>\n\t\t\t<\/div>\n\t\t\t\t<figcaption class='wp-caption-text gallery-caption' id='gallery-1-1403'>\n\t\t\t\tLa Comisi\u00f3n Directiva de CGERA durante la charla de Arnaldo Bocco \n\t\t\t\t<\/figcaption><\/figure>\n\t\t<\/div>\n\n<p>El economista afirm\u00f3 que en los pr\u00f3ximos meses ser\u00e1 relevante c\u00f3mo evolucionan las expectativas en torno a la econom\u00eda, especialmente la cotizaci\u00f3n del d\u00f3lar y la evoluci\u00f3n de las reservas, as\u00ed como el impacto de la inflaci\u00f3n.<\/p>\n<p>El ex Director del Banco Central proyect\u00f3 un crecimiento muy peque\u00f1o para este a\u00f1o y un segundo semestre equilibrado, sin demasiados problemas, estable. Las principales preocupaciones del Gobierno, a su juicio, en este marco son c\u00f3mo mantener el empleo y el nivel de producci\u00f3n.<\/p>\n<p>Bocco observ\u00f3 que existe un proceso de mejora en las expectativas que ven\u00edan siendo muy malas. Esto es en particular por las pol\u00edticas del Banco Central en torno a la pol\u00edtica monetaria.<\/p>\n<p>Quien fue presidente del BICE, consider\u00f3 que las medidas de los \u00faltimos meses no pueden ser consideradas un ajuste ortodoxo y las calific\u00f3 como un pragmatismo extremo contra la vulnerabilidad de la fuga de divisas que gener\u00f3 un tipo de cambio vulnerable a los ataques.<\/p>\n<p>En torno al financiamiento pyme, alent\u00f3 a los empresarios a ser creativos para resolver el tema del financiamiento, ya que las tasas no cree que vayan a bajar demasiado, al margen de las l\u00edneas de financiamiento que impulse el gobierno, sobre las cuales hizo comentarios positivos y motiv\u00f3 a los empresarios a tomarlas.<\/p>\n<p>Estuvieron presentes Marcelo Fern\u00e1ndez, Ra\u00fal Zylbersztein, Alberto Sellaro, Guillermo Siro, Daniel Doniki\u00e1n, Ariel Aguilar, Facundo Gald\u00f3s, Cristina Lionti, Norberto Fermani, Marcelo Girard, Mario Elkouss, Daniel Argentino, Pedro Di Ger\u00f3nimo, Eugenio Pesah, Daniel Rosato, Irene Kampel, entre otros.<\/p>\n","protected":false},"excerpt":{"rendered":"<p>Las autoridades de las c\u00e1maras empresarias nucleadas en la Confederaci\u00f3n General Empresaria (CGERA) recibieron ayer por la tarde en la entidad al economista Arnaldo Bocco, quien expuso sobre la situaci\u00f3n econ\u00f3mica, las perspectivas para los pr\u00f3ximos meses y convers\u00f3 sobre las preocupaciones de las pymes, especialmente el tema financiamiento.<\/p>\n","protected":false},"author":1,"featured_media":1402,"comment_status":"closed","ping_status":"closed","sticky":false,"template":"","format":"standard","meta":[],"categories":[1],"tags":[],"_links":{"self":[{"href":"https:\/\/www.cge-ra.org\/V16\/wp-json\/wp\/v2\/posts\/1401"}],"collection":[{"href":"https:\/\/www.cge-ra.org\/V16\/wp-json\/wp\/v2\/posts"}],"about":[{"href":"https:\/\/www.cge-ra.org\/V16\/wp-json\/wp\/v2\/types\/post"}],"author":[{"embeddable":true,"href":"https:\/\/www.cge-ra.org\/V16\/wp-json\/wp\/v2\/users\/1"}],"replies":[{"embeddable":true,"href":"https:\/\/www.cge-ra.org\/V16\/wp-json\/wp\/v2\/comments?post=1401"}],"version-history":[{"count":1,"href":"https:\/\/www.cge-ra.org\/V16\/wp-json\/wp\/v2\/posts\/1401\/revisions"}],"predecessor-version":[{"id":1404,"href":"https:\/\/www.cge-ra.org\/V16\/wp-json\/wp\/v2\/posts\/1401\/revisions\/1404"}],"wp:featuredmedia":[{"embeddable":true,"href":"https:\/\/www.cge-ra.org\/V16\/wp-json\/wp\/v2\/media\/1402"}],"wp:attachment":[{"href":"https:\/\/www.cge-ra.org\/V16\/wp-json\/wp\/v2\/media?parent=1401"}],"wp:term":[{"taxonomy":"category","embeddable":true,"href":"https:\/\/www.cge-ra.org\/V16\/wp-json\/wp\/v2\/categories?post=1401"},{"taxonomy":"post_tag","embeddable":true,"href":"https:\/\/www.cge-ra.org\/V16\/wp-json\/wp\/v2\/tags?post=1401"}],"curies":[{"name":"wp","href":"https:\/\/api.w.org\/{rel}","templated":true}]}}