{"id":1405,"date":"2014-03-11T13:37:31","date_gmt":"2014-03-11T13:37:31","guid":{"rendered":"http:\/\/www.cge-ra.org\/V16\/?p=1405"},"modified":"2018-01-09T20:35:33","modified_gmt":"2018-01-09T20:35:33","slug":"consenso-total-para-un-cabildo-abierto","status":"publish","type":"post","link":"https:\/\/www.cge-ra.org\/V16\/consenso-total-para-un-cabildo-abierto\/","title":{"rendered":"Consenso total para un Cabildo Abierto"},"content":{"rendered":"<div id='gallery-1' class='gallery galleryid-1405 gallery-columns-1 gallery-size-medium'><figure class='gallery-item'>\n\t\t\t<div class='gallery-icon landscape'>\n\t\t\t\t<a href='https:\/\/www.cge-ra.org\/V16\/wp-content\/uploads\/2015\/10\/20140311_134420.jpg'><img width=\"300\" height=\"200\" src=\"https:\/\/www.cge-ra.org\/V16\/wp-content\/uploads\/2015\/10\/20140311_134420-300x200.jpg\" class=\"attachment-medium size-medium\" alt=\"\" decoding=\"async\" loading=\"lazy\" aria-describedby=\"gallery-1-1406\" srcset=\"https:\/\/www.cge-ra.org\/V16\/wp-content\/uploads\/2015\/10\/20140311_134420-300x200.jpg 300w, https:\/\/www.cge-ra.org\/V16\/wp-content\/uploads\/2015\/10\/20140311_134420.jpg 600w\" sizes=\"(max-width: 300px) 100vw, 300px\" \/><\/a>\n\t\t\t<\/div>\n\t\t\t\t<figcaption class='wp-caption-text gallery-caption' id='gallery-1-1406'>\n\t\t\t\tIntelectuales, sindicalistas, empresarios y organizaciones sociales se reunieron en la CNV \n\t\t\t\t<\/figcaption><\/figure>\n\t\t<\/div>\n\n<p>La orden del d\u00eda\u00a0 consisti\u00f3 en tres puntos que organizaron y mantuvieron el eje de la reuni\u00f3n. Primero, la realizaci\u00f3n de un cabildo abierto. Segundo, el apoyo a iniciativas que se est\u00e1n dando en el congreso y por \u00faltimo, conformar un conjunto econ\u00f3mico y social en apoyo a la secretaria de comercio.<\/p>\n<p>La reuni\u00f3n estuvo liderada por el presidente de la Comisi\u00f3n Nacional de Valores, Alejandro Vanoli que junto a \u00e9l, lo acompa\u00f1aban el Diputado Nacional, Hector Recalde;\u00a0 Hugo Yasky de la CTA; el economista Aldo Ferrer; Ricardo Forster de Carta Abierta; Rafael Kohanoff, entre otros. Del Encuentro participaron distintas entidades econ\u00f3micas, gremios y empresas de diferentes rubros de la industria con el objetivo de brindar sus propuestas en torno a los tres puntos en los que se enfocaba la reuni\u00f3n. Dichas reuni\u00f3n tienen como finalidad la realizaci\u00f3n de una solicitada en apoyo al gobierno, la industria nacional y en contra de los controladores de precios que buscan dominar la econom\u00eda nacional.<\/p>\n<p>Los\u00a0 distintos oradores en representaci\u00f3n de sus respectivas entidades manifestaron un pleno consenso a la idea de la realizaci\u00f3n de un Cabildo Abierto que movilice a la opini\u00f3n p\u00fablica y tambi\u00e9n poder ampliar la convocatoria a nivel nacional incluyendo a todas las provincias del pa\u00eds. Hugo Yasky de la CTA, sostuvo firmemente que \u201cLa solicitada debe expresar a todo el pa\u00eds, para que no sea algo que quede solo en la capital, se debe incluir a las provincias\u201d.<\/p>\n<p>Otro de los temas principales que se debatieron fueron las leyes antimonop\u00f3licas que controlan a los monopolios formadores de precios que buscan dominar la econ\u00f3mica nacional. Muchos de los presentes manifestaron su pleno apoyo al proyecto de ley impulsado por el Diputado para el FPV, H\u00e9ctor Recalde que modifica las leyes de Abastecimiento, de Lealtad Comercial y de Defensa del Consumidor con el fin de \u00abcuidar la estabilidad, la razonabilidad y la previsibilidad de los precios\u00bb.<\/p>\n<p>Adem\u00e1s Recalde apunto que se d\u00e9 pleno apoyo a la discusi\u00f3n sobre el anteproyecto del C\u00f3digo Penal para que los poderes econ\u00f3micos concentrados, especuladores y desestabilizadores no queden impunes. \u201cel gobierno aplic\u00f3 unos 6 millones de mulatas a Supermercados que violaron el acuerdo de precios. Aun no cobro ning\u00fan centavo, todos apelaron\u201d, enfatiz\u00f3.<\/p>\n<p>Ra\u00fal Zylbersztein, en representaci\u00f3n de la Confederaci\u00f3n General Empresaria (CGERA), sostuvo que \u201cHay que buscar de qu\u00e9 manera podemos competir, el principal problema b\u00e1sico que tenemos es que no existe una competencia que regule los precios hacia abajo. Entendemos que todas las propuestas legislativas que se pueden hacer tienen que rondar en eso\u201d. Adem\u00e1s, con respecto\u00a0 a la convocatoria a un cabildo abierto indic\u00f3 que \u201cCuando uno tiene un proyecto se vuelve muy sectario y lo importante es poder hablar con los otros aquellos que no est\u00e1n de acuerdo con nosotros. Tenemos que buscar la manera de poder atraer esa gente con un discurso que los incorpore\u201d.<\/p>\n<p>La convocatoria al cabildo abierto se pretende realizar el 27 de marzo en el cabildo y previo a dicha actividad, una reuni\u00f3n en la Secretaria de Comercio con un una comisi\u00f3n de 12 personas que representen a los distintos sectores.<\/p>\n","protected":false},"excerpt":{"rendered":"<p>La Confederaci\u00f3n General Empresaria (CGERA) volvi\u00f3 a presenciar la reuni\u00f3n en la Comisi\u00f3n Nacional de Valores, donde junto a otras entidades empresarias, econ\u00f3micas y gremios dieron su punto de vista sobre el control de precios y las leyes antimonop\u00f3licas. <\/p>\n","protected":false},"author":1,"featured_media":1406,"comment_status":"closed","ping_status":"closed","sticky":false,"template":"","format":"standard","meta":[],"categories":[1],"tags":[],"_links":{"self":[{"href":"https:\/\/www.cge-ra.org\/V16\/wp-json\/wp\/v2\/posts\/1405"}],"collection":[{"href":"https:\/\/www.cge-ra.org\/V16\/wp-json\/wp\/v2\/posts"}],"about":[{"href":"https:\/\/www.cge-ra.org\/V16\/wp-json\/wp\/v2\/types\/post"}],"author":[{"embeddable":true,"href":"https:\/\/www.cge-ra.org\/V16\/wp-json\/wp\/v2\/users\/1"}],"replies":[{"embeddable":true,"href":"https:\/\/www.cge-ra.org\/V16\/wp-json\/wp\/v2\/comments?post=1405"}],"version-history":[{"count":1,"href":"https:\/\/www.cge-ra.org\/V16\/wp-json\/wp\/v2\/posts\/1405\/revisions"}],"predecessor-version":[{"id":1407,"href":"https:\/\/www.cge-ra.org\/V16\/wp-json\/wp\/v2\/posts\/1405\/revisions\/1407"}],"wp:featuredmedia":[{"embeddable":true,"href":"https:\/\/www.cge-ra.org\/V16\/wp-json\/wp\/v2\/media\/1406"}],"wp:attachment":[{"href":"https:\/\/www.cge-ra.org\/V16\/wp-json\/wp\/v2\/media?parent=1405"}],"wp:term":[{"taxonomy":"category","embeddable":true,"href":"https:\/\/www.cge-ra.org\/V16\/wp-json\/wp\/v2\/categories?post=1405"},{"taxonomy":"post_tag","embeddable":true,"href":"https:\/\/www.cge-ra.org\/V16\/wp-json\/wp\/v2\/tags?post=1405"}],"curies":[{"name":"wp","href":"https:\/\/api.w.org\/{rel}","templated":true}]}}