{"id":1408,"date":"2014-02-26T13:38:21","date_gmt":"2014-02-26T13:38:21","guid":{"rendered":"http:\/\/www.cge-ra.org\/V16\/?p=1408"},"modified":"2018-01-09T20:35:40","modified_gmt":"2018-01-09T20:35:40","slug":"apoyar-a-la-industria-nacional-e-ir-contra-quienes-controlan-los-precios","status":"publish","type":"post","link":"https:\/\/www.cge-ra.org\/V16\/apoyar-a-la-industria-nacional-e-ir-contra-quienes-controlan-los-precios\/","title":{"rendered":"\u201cApoyar a la industria nacional e ir contra quienes controlan los precios\u201d"},"content":{"rendered":"<div id='gallery-1' class='gallery galleryid-1408 gallery-columns-1 gallery-size-medium'><figure class='gallery-item'>\n\t\t\t<div class='gallery-icon landscape'>\n\t\t\t\t<a href='https:\/\/www.cge-ra.org\/V16\/wp-content\/uploads\/2015\/10\/20140225_135150.jpg'><img width=\"300\" height=\"200\" src=\"https:\/\/www.cge-ra.org\/V16\/wp-content\/uploads\/2015\/10\/20140225_135150-300x200.jpg\" class=\"attachment-medium size-medium\" alt=\"\" decoding=\"async\" loading=\"lazy\" aria-describedby=\"gallery-1-1409\" srcset=\"https:\/\/www.cge-ra.org\/V16\/wp-content\/uploads\/2015\/10\/20140225_135150-300x200.jpg 300w, https:\/\/www.cge-ra.org\/V16\/wp-content\/uploads\/2015\/10\/20140225_135150.jpg 600w\" sizes=\"(max-width: 300px) 100vw, 300px\" \/><\/a>\n\t\t\t<\/div>\n\t\t\t\t<figcaption class='wp-caption-text gallery-caption' id='gallery-1-1409'>\n\t\t\t\tIntelectuales, sindicalistas, empresarios y organizaciones sociales se reunieron en la CNV \n\t\t\t\t<\/figcaption><\/figure>\n\t\t<\/div>\n\n<p>La Confederaci\u00f3n General Empresaria (CGERA) mantuvo un encuentro con distintos sectores de la industria, donde analizaron propuestas y alternativas para preparar un documento en apoyo al gobierno, la industria nacional y en contra de los controladores de precios que buscan dominar la econom\u00eda nacional.<\/p>\n<p>Formaron parte del encuentro, Alejandro Vanoli, Presidente de la CNV; Marcelo Fern\u00e1ndez y Guillermo Siro, en representaci\u00f3n de la CGERA; Hector Recalde, Diputado Nacional; Hugo Yasky de la CTA; el economista Aldo Ferrer; Ricardo Forster de Carta Abierta; Chino Navarro; entre otros. Dada por concluida la reuni\u00f3n, se hizo presente, el Subsecretario de Comercio Interior, Ariel Langer, quien expuso sobre los principales objetivos y finalidades del Programa Precios Cuidados.<\/p>\n<p>Los distintos participantes coincidieron en que los intentos de desestabilizaci\u00f3n financiera contaron con la \u201ccolaboraci\u00f3n\u201d de empresas locales. En este sentido, se manifestaron a favor de profundizar el programa Precios Cuidados, como una herramienta de defensa del poder adquisitivo de los trabajadores.<\/p>\n<p>\u201cUna vez m\u00e1s la especulaci\u00f3n financiera y la irracional suba de precios, generada por quienes detentan el poder concentrado y los resortes fundamentales de la econom\u00eda, pretenden desestabilizar la naci\u00f3n y provocar una apropiaci\u00f3n brutal de los recursos que pertenecen al conjunto del pueblo argentino\u201d, puede leerse en el borrador del documento que presentar\u00e1n dentro de dos semanas.<\/p>\n<p>El documento que firmar\u00e1n pretende generar una conciencia nacional en defensa de la estabilidad, la paz, el trabajo y la producci\u00f3n; y de esta forma poner un freno al accionar de los especuladores.<\/p>\n<p>Marcelo Fern\u00e1ndez, Presidente de CGERA, sostuvo que \u00abesto es apoyar a la industria nacional e ir contra quienes controlan los precios intentando dominar la econom\u00eda\u00bb. Adem\u00e1s, el Secretario de CGERA, Ra\u00fal Zylbersztein, se\u00f1al\u00f3 que \u201clas estructuras concentradas crean econom\u00edas inflacionarias. Si tenemos una econom\u00eda concentrada, necesitamos que el Estado presione y controle a esos empresarios oligop\u00f3licos. En un capitalismo m\u00e1s sano que garantice la libre competencia\u201d.<\/p>\n<p>La reuni\u00f3n volver\u00e1 a repetirse el martes 11 de marzo, en donde trataran las formas organizativas del documento y analizaran las iniciativas propuestas por las diferentes entidades.<\/p>\n","protected":false},"excerpt":{"rendered":"<p>Entidades empresarias, econ\u00f3micas y gremios se reunieron ayer en la Comisi\u00f3n Nacional de Valores donde analizaron la coyuntura econ\u00f3mica y plantearon la necesidad de profundizar los cambios estructurales.<\/p>\n","protected":false},"author":1,"featured_media":1409,"comment_status":"closed","ping_status":"closed","sticky":false,"template":"","format":"standard","meta":[],"categories":[1],"tags":[],"_links":{"self":[{"href":"https:\/\/www.cge-ra.org\/V16\/wp-json\/wp\/v2\/posts\/1408"}],"collection":[{"href":"https:\/\/www.cge-ra.org\/V16\/wp-json\/wp\/v2\/posts"}],"about":[{"href":"https:\/\/www.cge-ra.org\/V16\/wp-json\/wp\/v2\/types\/post"}],"author":[{"embeddable":true,"href":"https:\/\/www.cge-ra.org\/V16\/wp-json\/wp\/v2\/users\/1"}],"replies":[{"embeddable":true,"href":"https:\/\/www.cge-ra.org\/V16\/wp-json\/wp\/v2\/comments?post=1408"}],"version-history":[{"count":1,"href":"https:\/\/www.cge-ra.org\/V16\/wp-json\/wp\/v2\/posts\/1408\/revisions"}],"predecessor-version":[{"id":1410,"href":"https:\/\/www.cge-ra.org\/V16\/wp-json\/wp\/v2\/posts\/1408\/revisions\/1410"}],"wp:featuredmedia":[{"embeddable":true,"href":"https:\/\/www.cge-ra.org\/V16\/wp-json\/wp\/v2\/media\/1409"}],"wp:attachment":[{"href":"https:\/\/www.cge-ra.org\/V16\/wp-json\/wp\/v2\/media?parent=1408"}],"wp:term":[{"taxonomy":"category","embeddable":true,"href":"https:\/\/www.cge-ra.org\/V16\/wp-json\/wp\/v2\/categories?post=1408"},{"taxonomy":"post_tag","embeddable":true,"href":"https:\/\/www.cge-ra.org\/V16\/wp-json\/wp\/v2\/tags?post=1408"}],"curies":[{"name":"wp","href":"https:\/\/api.w.org\/{rel}","templated":true}]}}