{"id":1411,"date":"2014-02-14T13:40:07","date_gmt":"2014-02-14T13:40:07","guid":{"rendered":"http:\/\/www.cge-ra.org\/V16\/?p=1411"},"modified":"2018-01-09T20:35:41","modified_gmt":"2018-01-09T20:35:41","slug":"argentina-enviara-una-mision-comercial-a-mexico","status":"publish","type":"post","link":"https:\/\/www.cge-ra.org\/V16\/argentina-enviara-una-mision-comercial-a-mexico\/","title":{"rendered":"Argentina enviar\u00e1 una misi\u00f3n comercial a M\u00e9xico"},"content":{"rendered":"<div id='gallery-1' class='gallery galleryid-1411 gallery-columns-1 gallery-size-medium'><figure class='gallery-item'>\n\t\t\t<div class='gallery-icon landscape'>\n\t\t\t\t<a href='https:\/\/www.cge-ra.org\/V16\/wp-content\/uploads\/2015\/10\/Mesa-Petroleo_600x400.jpg'><img width=\"300\" height=\"200\" src=\"https:\/\/www.cge-ra.org\/V16\/wp-content\/uploads\/2015\/10\/Mesa-Petroleo_600x400-300x200.jpg\" class=\"attachment-medium size-medium\" alt=\"\" decoding=\"async\" loading=\"lazy\" aria-describedby=\"gallery-1-1412\" srcset=\"https:\/\/www.cge-ra.org\/V16\/wp-content\/uploads\/2015\/10\/Mesa-Petroleo_600x400-300x200.jpg 300w, https:\/\/www.cge-ra.org\/V16\/wp-content\/uploads\/2015\/10\/Mesa-Petroleo_600x400.jpg 600w\" sizes=\"(max-width: 300px) 100vw, 300px\" \/><\/a>\n\t\t\t<\/div>\n\t\t\t\t<figcaption class='wp-caption-text gallery-caption' id='gallery-1-1412'>\n\t\t\t\tLa reuni\u00f3n se llev\u00f3 a cabo en el Ministerio de Industria de la Naci\u00f3n, ayer 13 de febrero de 2014\n\t\t\t\t<\/figcaption><\/figure>\n\t\t<\/div>\n\n<p>El objetivo de la reuni\u00f3n fue analizar un esquema con la oferta de bienes y servicios exportables que se presentaran en M\u00e9xico, con eje en el incremento de ventas a la petrolera estatal, Pemex. La intenci\u00f3n es sellar acuerdos con campa\u00f1as mexicanas para atraer el ingreso de divisas y ampliar la oferta en la econom\u00eda local.<\/p>\n<p>La actividad est\u00e1 organizada por el Ministerio de Industria de manera conjunta con la carteras de Econom\u00eda y la Canciller\u00eda.<\/p>\n<p>En representaci\u00f3n de la Confederaci\u00f3n General Empresaria, formaron parte del encuentro, el Presidente de CGERA, Marcelo Fern\u00e1ndez; el Representante de la Delegaci\u00f3n Regional Sur de CGERA, Facundo Gald\u00f3s; y de la C\u00e1mara de la Peque\u00f1a y Mediana Industria metal\u00fargica (CAMIMA), Fernando Ru\u00edz y Blanco.<\/p>\n<p>Adem\u00e1s, estuvieron presentes Jos\u00e9 Ignacio Capeans, de Qu\u00edmica Sigma; Luis Adur, del Grupo Argentino de Proveedores Petroleros (GAPP); el subsecretario de Desarrollo de Inversiones y Promoci\u00f3n Comercial de Canciller\u00eda, Agust\u00edn Wydler, y el gerente de Desarrollo Sustentable de Proveedores de YPF, Carlos Matus.<\/p>\n<p>Giorgi destac\u00f3 la \u201cnecesidad de llevar a la econom\u00eda la integraci\u00f3n pol\u00edtica de esta regi\u00f3n\u201d y sostuvo que \u201chay que poner de pie esta industria, que puede aportar dinamismo, valor agregado y calidad de vida\u201d.<\/p>\n<p>La iniciativa es consecuencia de la reuni\u00f3n bilateral entre Cristina Fern\u00e1ndez de Kirchner y Enrique Pe\u00f1a Nieto, mandatarios de Argentina y M\u00e9xico respectivamente,\u00a0 sostenida en la \u00faltima cumbre de la Comunidad de Estados Latinoamericanos y Caribe\u00f1os (Celac), realizada en enero en La Habana.<\/p>\n<p>En tanto, de las 215 empresas seleccionadas, 160 exportaron u$s 889,4 millones en el per\u00edodo 2011-2013 y, para la misma etapa, 40 compa\u00f1\u00edas del mismo listado vendieron a M\u00e9xico u$s 20,3 millones.<\/p>\n<p>Marcelo Fern\u00e1ndez, indic\u00f3 que \u201cLos empresarios debemos apoyar esta iniciativa del Ministerio de Industria y la Canciller\u00eda, de salir a buscar nuevos mercados para nuestros productos como en este caso, para el sector de la industria de bienes de capital y de servicios para la rama petrolera\u201d.<\/p>\n","protected":false},"excerpt":{"rendered":"<p>La CGERA se reuni\u00f3 junto a la Ministra de Industria, D\u00e9bora Giorgi y 215 empresas proveedoras de los sectores de gas y petr\u00f3leo, para coordinar los aspectos de la Misi\u00f3n Comercial que se enviar\u00e1 a M\u00e9xico a fines de marzo. <\/p>\n","protected":false},"author":1,"featured_media":1412,"comment_status":"closed","ping_status":"closed","sticky":false,"template":"","format":"standard","meta":[],"categories":[1],"tags":[],"_links":{"self":[{"href":"https:\/\/www.cge-ra.org\/V16\/wp-json\/wp\/v2\/posts\/1411"}],"collection":[{"href":"https:\/\/www.cge-ra.org\/V16\/wp-json\/wp\/v2\/posts"}],"about":[{"href":"https:\/\/www.cge-ra.org\/V16\/wp-json\/wp\/v2\/types\/post"}],"author":[{"embeddable":true,"href":"https:\/\/www.cge-ra.org\/V16\/wp-json\/wp\/v2\/users\/1"}],"replies":[{"embeddable":true,"href":"https:\/\/www.cge-ra.org\/V16\/wp-json\/wp\/v2\/comments?post=1411"}],"version-history":[{"count":1,"href":"https:\/\/www.cge-ra.org\/V16\/wp-json\/wp\/v2\/posts\/1411\/revisions"}],"predecessor-version":[{"id":1413,"href":"https:\/\/www.cge-ra.org\/V16\/wp-json\/wp\/v2\/posts\/1411\/revisions\/1413"}],"wp:featuredmedia":[{"embeddable":true,"href":"https:\/\/www.cge-ra.org\/V16\/wp-json\/wp\/v2\/media\/1412"}],"wp:attachment":[{"href":"https:\/\/www.cge-ra.org\/V16\/wp-json\/wp\/v2\/media?parent=1411"}],"wp:term":[{"taxonomy":"category","embeddable":true,"href":"https:\/\/www.cge-ra.org\/V16\/wp-json\/wp\/v2\/categories?post=1411"},{"taxonomy":"post_tag","embeddable":true,"href":"https:\/\/www.cge-ra.org\/V16\/wp-json\/wp\/v2\/tags?post=1411"}],"curies":[{"name":"wp","href":"https:\/\/api.w.org\/{rel}","templated":true}]}}