{"id":1414,"date":"2014-02-13T13:41:58","date_gmt":"2014-02-13T13:41:58","guid":{"rendered":"http:\/\/www.cge-ra.org\/V16\/?p=1414"},"modified":"2018-01-09T20:35:46","modified_gmt":"2018-01-09T20:35:46","slug":"la-red-de-formacion-cgera-se-suma-al-plan-progresar","status":"publish","type":"post","link":"https:\/\/www.cge-ra.org\/V16\/la-red-de-formacion-cgera-se-suma-al-plan-progresar\/","title":{"rendered":"La Red de Formaci\u00f3n CGERA se suma al Plan PROGRESAR"},"content":{"rendered":"<div id='gallery-1' class='gallery galleryid-1414 gallery-columns-1 gallery-size-medium'><figure class='gallery-item'>\n\t\t\t<div class='gallery-icon landscape'>\n\t\t\t\t<a href='https:\/\/www.cge-ra.org\/V16\/wp-content\/uploads\/2015\/10\/140212_progresar_11.jpg'><img width=\"300\" height=\"200\" src=\"https:\/\/www.cge-ra.org\/V16\/wp-content\/uploads\/2015\/10\/140212_progresar_11-300x200.jpg\" class=\"attachment-medium size-medium\" alt=\"\" decoding=\"async\" loading=\"lazy\" aria-describedby=\"gallery-1-1415\" srcset=\"https:\/\/www.cge-ra.org\/V16\/wp-content\/uploads\/2015\/10\/140212_progresar_11-300x200.jpg 300w, https:\/\/www.cge-ra.org\/V16\/wp-content\/uploads\/2015\/10\/140212_progresar_11.jpg 600w\" sizes=\"(max-width: 300px) 100vw, 300px\" \/><\/a>\n\t\t\t<\/div>\n\t\t\t\t<figcaption class='wp-caption-text gallery-caption' id='gallery-1-1415'>\n\t\t\t\tCarlos Tomada durante la reuni\u00f3n en el Ministerio de Trabajo \n\t\t\t\t<\/figcaption><\/figure>\n\t\t<\/div>\n\n<p>La Red de Centros de Formaci\u00f3n Continua de la Confederaci\u00f3n General Empresaria (CGERA), se encuentra a disposici\u00f3n de los beneficiarios del Plan PROGRESAR (Programa de Respaldo a Estudiantes de la Argentina), al igual que est\u00e1 realizando con 1500 trabajadores ocupados y desocupados\u00a0 en todo el pa\u00eds para que se formen en oficios con salida laboral.<\/p>\n<p>El Dr. Guillermo Siro en representaci\u00f3n de la CGERA particip\u00f3 de la reuni\u00f3n junto al Ministro de Trabajo, Carlos Tomada; los Subsecretarios, Mat\u00edas Barroetave\u00f1a y Federico Ludue\u00f1a; las directoras, Susana Berasatian y M\u00f3nica Sladogna; y el Secretario General del Anses; en la cual se implement\u00f3 la metodolog\u00eda para que los beneficiarios del Plan PROGRESAR (J\u00f3venes entre 18 y 24 a\u00f1os) que est\u00e9n en proceso de formaci\u00f3n o preinscriptos en la Red de Centro de Formaci\u00f3n Continua CGERA desarrollado en forma conjunta con el MTEySS para poder acceder a la formaci\u00f3n de oficios de calidad, puedan inscribirse en el Programa PROGRESAR.<\/p>\n<p>CGERA te ofrece capacitaci\u00f3n en Mec\u00e1nica de Motos, Marroquiner\u00eda, Cadena de Valor Textil y Gesti\u00f3n Pyme. El Director General de los Centros de Formaci\u00f3n Continua CGERA, Dr. Guillermo Siro sostuvo que \u201cEstamos trabajando para abrir nuevos Centros de Formaci\u00f3n en distintas partes del pa\u00eds durante el 2014, en busca de mayor generaci\u00f3n de empleo, desarrollo regional mediante la competitividad de las Pymes e inclusi\u00f3n social\u00f3n social\u201d.<\/p>\n<p>Para inscribirse en nuestros cursos gratuitos, podr\u00e1n hacerlo a trav\u00e9s del Portal (<a href=\"http:\/\/www.formacion-continua-cgera.org\/\">www.formacion-continua-cgera.org<\/a>) llenando el formulario de pre-inscripci\u00f3n o telef\u00f3nicamente al (5411)5252-1205.<\/p>\n","protected":false},"excerpt":{"rendered":"<p>Capacitarse para progresar es el objetivo que persigue la CGERA mediante el trabajo conjunto con el Ministerio de Trabajo, Empleo y Seguridad Social a trav\u00e9s de la formaci\u00f3n de oficios, en pos de lograr una mayor generaci\u00f3n de empleo y competitividad de las Pymes industriales. <\/p>\n","protected":false},"author":1,"featured_media":1415,"comment_status":"closed","ping_status":"closed","sticky":false,"template":"","format":"standard","meta":[],"categories":[1],"tags":[],"_links":{"self":[{"href":"https:\/\/www.cge-ra.org\/V16\/wp-json\/wp\/v2\/posts\/1414"}],"collection":[{"href":"https:\/\/www.cge-ra.org\/V16\/wp-json\/wp\/v2\/posts"}],"about":[{"href":"https:\/\/www.cge-ra.org\/V16\/wp-json\/wp\/v2\/types\/post"}],"author":[{"embeddable":true,"href":"https:\/\/www.cge-ra.org\/V16\/wp-json\/wp\/v2\/users\/1"}],"replies":[{"embeddable":true,"href":"https:\/\/www.cge-ra.org\/V16\/wp-json\/wp\/v2\/comments?post=1414"}],"version-history":[{"count":1,"href":"https:\/\/www.cge-ra.org\/V16\/wp-json\/wp\/v2\/posts\/1414\/revisions"}],"predecessor-version":[{"id":1416,"href":"https:\/\/www.cge-ra.org\/V16\/wp-json\/wp\/v2\/posts\/1414\/revisions\/1416"}],"wp:featuredmedia":[{"embeddable":true,"href":"https:\/\/www.cge-ra.org\/V16\/wp-json\/wp\/v2\/media\/1415"}],"wp:attachment":[{"href":"https:\/\/www.cge-ra.org\/V16\/wp-json\/wp\/v2\/media?parent=1414"}],"wp:term":[{"taxonomy":"category","embeddable":true,"href":"https:\/\/www.cge-ra.org\/V16\/wp-json\/wp\/v2\/categories?post=1414"},{"taxonomy":"post_tag","embeddable":true,"href":"https:\/\/www.cge-ra.org\/V16\/wp-json\/wp\/v2\/tags?post=1414"}],"curies":[{"name":"wp","href":"https:\/\/api.w.org\/{rel}","templated":true}]}}