{"id":1417,"date":"2014-02-04T13:43:28","date_gmt":"2014-02-04T13:43:28","guid":{"rendered":"http:\/\/www.cge-ra.org\/V16\/?p=1417"},"modified":"2018-01-09T20:35:46","modified_gmt":"2018-01-09T20:35:46","slug":"cgera-presente-en-la-feria-de-la-industria-del-calzado-argentino","status":"publish","type":"post","link":"https:\/\/www.cge-ra.org\/V16\/cgera-presente-en-la-feria-de-la-industria-del-calzado-argentino\/","title":{"rendered":"CGERA presente en la Feria de la Industria del Calzado Argentino"},"content":{"rendered":"<div id='gallery-1' class='gallery galleryid-1417 gallery-columns-1 gallery-size-medium'><figure class='gallery-item'>\n\t\t\t<div class='gallery-icon landscape'>\n\t\t\t\t<a href='https:\/\/www.cge-ra.org\/V16\/wp-content\/uploads\/2015\/10\/Efica-1.jpg'><img width=\"300\" height=\"200\" src=\"https:\/\/www.cge-ra.org\/V16\/wp-content\/uploads\/2015\/10\/Efica-1-300x200.jpg\" class=\"attachment-medium size-medium\" alt=\"\" decoding=\"async\" loading=\"lazy\" aria-describedby=\"gallery-1-1418\" srcset=\"https:\/\/www.cge-ra.org\/V16\/wp-content\/uploads\/2015\/10\/Efica-1-300x200.jpg 300w, https:\/\/www.cge-ra.org\/V16\/wp-content\/uploads\/2015\/10\/Efica-1.jpg 600w\" sizes=\"(max-width: 300px) 100vw, 300px\" \/><\/a>\n\t\t\t<\/div>\n\t\t\t\t<figcaption class='wp-caption-text gallery-caption' id='gallery-1-1418'>\n\t\t\t\tLa Ministro de Industria, Debora Giorgi junto al Presidente de la C\u00e1mara del Calzado, Alberto Sellaro recorriendo los Stands de EFICA 2014 \n\t\t\t\t<\/figcaption><\/figure>\n\t\t<\/div>\n\n<p>La Confederaci\u00f3n General Empresaria acompa\u00f1\u00f3 a la C\u00e1mara de la Industria del Calzado (CIC) en la exposici\u00f3n Efica 90, la m\u00e1s importante muestra de la industria del calzado nacional, que en esta edici\u00f3n abarc\u00f3 las tendencias de la temporada oto\u00f1o\u2013invierno.<\/p>\n<p>Particip\u00f3 de la Feria, La Ministra de Industria, D\u00e9bora Giorgi, quien destac\u00f3 la competividad del sector a nivel intencional \u201cpor precio, calidad y creatividad, con un dise\u00f1o que es reconocido en todo el mundo\u201d.<\/p>\n<p>\u201cSe trata de un sector que se ha puesto de pie en los \u00faltimos diez a\u00f1os, con incremento de la producci\u00f3n, una presencia en el mercado local superior al 80 por ciento y generaci\u00f3n de m\u00e1s de 35.000 empleos\u201d, sostuvo Giorgi, quien llam\u00f3 a \u201cagregar valor en toda la cadena, desde el cuero al producto terminado\u201d.<\/p>\n<p>La muestra bianual\u00a0 de la mayor exposici\u00f3n internacional del sector tiene abiertas sus puertas de 12 a 21 horas, hasta hoy, en el Centro de Exposiciones de Costa Salguero.<\/p>\n<p>Los expositores presentar\u00e1n sus colecciones y productos en el caracter\u00edstico desfile de la muestra, donde participar\u00e1n destacadas figuras del mundo de la moda.<\/p>\n<p>Estuvieron presentes los directivos de la C\u00e1mara de la Industria del Calzado (CIC), Alberto Sellaro y Horacio Moschetto, el titular de la Confederaci\u00f3n General Empresaria (Cgera), Marcelo Fern\u00e1ndez. Acompa\u00f1aron a la ministra el secretario de Industria, Javier Rando, el titular del Instituto Nacional de Tecnolog\u00eda Industrial (INTI), Ricardo del Valle, y su vice, Jos\u00e9 Luis Esper\u00f3n.<\/p>\n<p>En el stand de la cartera oficial se brinda informaci\u00f3n sobre los programas y beneficios destinados al sector calzados y orientaciones sobre el trabajo del Centro INTI Cueros, para la transferencia tecnol\u00f3gica a la cadena de valor.<\/p>\n<p>En la muestra, el ministerio presentar\u00e1 a pymes y emprendedores apoyados a trav\u00e9s de los programas Sistemas Productivos Locales, Cr\u00e9dito Fiscal, FONAPyME, PACC Empresas, PACC Emprendedores y Expertos PyMES.<\/p>\n<p>Adem\u00e1s, se exhibir\u00e1n los ganadores del Segundo Concurso Nacional de Dise\u00f1o de Calzados. Fue celebrado el a\u00f1o pasado por el Ministerio de Industria, a trav\u00e9s del Plan Nacional de Dise\u00f1o, en conjunto con la C\u00e1mara de la Industria del Calzado (CIC), la C\u00e1mara Argentina de Industriales Proveedores de la Industria del Calzado (Caipic) y la Feria Puro Dise\u00f1o.<\/p>\n","protected":false},"excerpt":{"rendered":"<p>CGERA junto al presidente de la C\u00e1mara de la Industria del Calzado, Alberto Sellaro recorrieron los stands de las empresas l\u00edderes en el pa\u00eds y los de nuevos jugadores dentro del rubro. La Ministra de Industria, D\u00e9bora Giorgi, destac\u00f3 la calidad del calzado nacional a nivel mundial y llam\u00f3 a \u201cfortalecer toda la cadena productiva\u201d.<\/p>\n","protected":false},"author":1,"featured_media":1418,"comment_status":"closed","ping_status":"closed","sticky":false,"template":"","format":"standard","meta":[],"categories":[1],"tags":[],"_links":{"self":[{"href":"https:\/\/www.cge-ra.org\/V16\/wp-json\/wp\/v2\/posts\/1417"}],"collection":[{"href":"https:\/\/www.cge-ra.org\/V16\/wp-json\/wp\/v2\/posts"}],"about":[{"href":"https:\/\/www.cge-ra.org\/V16\/wp-json\/wp\/v2\/types\/post"}],"author":[{"embeddable":true,"href":"https:\/\/www.cge-ra.org\/V16\/wp-json\/wp\/v2\/users\/1"}],"replies":[{"embeddable":true,"href":"https:\/\/www.cge-ra.org\/V16\/wp-json\/wp\/v2\/comments?post=1417"}],"version-history":[{"count":1,"href":"https:\/\/www.cge-ra.org\/V16\/wp-json\/wp\/v2\/posts\/1417\/revisions"}],"predecessor-version":[{"id":1419,"href":"https:\/\/www.cge-ra.org\/V16\/wp-json\/wp\/v2\/posts\/1417\/revisions\/1419"}],"wp:featuredmedia":[{"embeddable":true,"href":"https:\/\/www.cge-ra.org\/V16\/wp-json\/wp\/v2\/media\/1418"}],"wp:attachment":[{"href":"https:\/\/www.cge-ra.org\/V16\/wp-json\/wp\/v2\/media?parent=1417"}],"wp:term":[{"taxonomy":"category","embeddable":true,"href":"https:\/\/www.cge-ra.org\/V16\/wp-json\/wp\/v2\/categories?post=1417"},{"taxonomy":"post_tag","embeddable":true,"href":"https:\/\/www.cge-ra.org\/V16\/wp-json\/wp\/v2\/tags?post=1417"}],"curies":[{"name":"wp","href":"https:\/\/api.w.org\/{rel}","templated":true}]}}