{"id":1420,"date":"2013-12-23T13:44:53","date_gmt":"2013-12-23T13:44:53","guid":{"rendered":"http:\/\/www.cge-ra.org\/V16\/?p=1420"},"modified":"2018-01-09T20:43:08","modified_gmt":"2018-01-09T20:43:08","slug":"la-cgera-apoyo-las-medidas-economicas-y-solicito-continuar-trabajando-tematicas-pyme","status":"publish","type":"post","link":"https:\/\/www.cge-ra.org\/V16\/la-cgera-apoyo-las-medidas-economicas-y-solicito-continuar-trabajando-tematicas-pyme\/","title":{"rendered":"La CGERA apoy\u00f3 las medidas econ\u00f3micas y solicit\u00f3 continuar trabajando tem\u00e1ticas pyme."},"content":{"rendered":"<div id='gallery-1' class='gallery galleryid-1420 gallery-columns-1 gallery-size-medium'><figure class='gallery-item'>\n\t\t\t<div class='gallery-icon landscape'>\n\t\t\t\t<a href='https:\/\/www.cge-ra.org\/V16\/wp-content\/uploads\/2015\/10\/dialogo-social.jpg'><img width=\"300\" height=\"200\" src=\"https:\/\/www.cge-ra.org\/V16\/wp-content\/uploads\/2015\/10\/dialogo-social-300x200.jpg\" class=\"attachment-medium size-medium\" alt=\"\" decoding=\"async\" loading=\"lazy\" aria-describedby=\"gallery-1-1421\" srcset=\"https:\/\/www.cge-ra.org\/V16\/wp-content\/uploads\/2015\/10\/dialogo-social-300x200.jpg 300w, https:\/\/www.cge-ra.org\/V16\/wp-content\/uploads\/2015\/10\/dialogo-social.jpg 600w\" sizes=\"(max-width: 300px) 100vw, 300px\" \/><\/a>\n\t\t\t<\/div>\n\t\t\t\t<figcaption class='wp-caption-text gallery-caption' id='gallery-1-1421'>\n\t\t\t\tEl encuentro marca la continuidad de las conversaciones iniciadas por el Gobierno Nacional el pasado 22 de noviembre junto con empresarios y gremios. \n\t\t\t\t<\/figcaption><\/figure>\n\t\t<\/div>\n\n<p>La Confederaci\u00f3n General Empresaria (CGERA), representada por el Presidente de la Entidad, Marcelo Fern\u00e1ndez, y su Secretario General, Ra\u00fal Zylbersztein, manifestaron su conformidad con las medidas econ\u00f3micas anunciadas dentro del marco del di\u00e1logo social debido a que son muy positivas para las pymes\u00a0 ya que nos permite pensar en cr\u00e9ditos para el financiamiento para continuar desarroll\u00e1ndonos, creciendo y tomando personal.<\/p>\n<p>Marcelo Fern\u00e1ndez declar\u00f3 que \u201ces otro gran paso del trabajo conjunto entre empresarios, trabajadores y el Gobierno, una muestra de la apertura de todos los sectores y de la decisi\u00f3n de trabajar en el largo plazo para sostener un modelo de competitividad, equidad e inclusi\u00f3n en Argentina\u201d.<\/p>\n<p>\u201cLa compensaci\u00f3n autom\u00e1tica de derechos con reintegros a las exportaciones era una medida demandada por muchas c\u00e1maras de nuestra entidad y es celebrada por el empresariado nacional ya que estaban perdiendo liquidez y con esto ganar\u00e1n competitividad\u201d se\u00f1al\u00f3 Ra\u00fal Zylberzstein.<\/p>\n<p>\u201cLas inversiones en transporte ferroviario y la creaci\u00f3n del Fondear, son tambi\u00e9n claves para el desarrollo de la competitividad en las econom\u00edas regionales\u201d declar\u00f3 Fern\u00e1ndez.<\/p>\n<p>En cuanto al financiamiento para las peque\u00f1as y medianas empresas, desde la CGERA apoyaron la medida y solicitaron que \u201cse segmente el sector pyme para que todas las empresas tengan acceso al financiamiento y no quede en manos s\u00f3lo del porcentaje de empresas medianas que m\u00e1s facturaci\u00f3n poseen, ya que el universo pyme es muy heterog\u00e9neo\u201d.<\/p>\n<p>\u201cLas medidas son un hecho que, por su concepci\u00f3n y direcci\u00f3n, demuestran que vamos por una buena senda pese a los obst\u00e1culos que la coyuntura plantea\u201d expres\u00f3 el presidente de la CGERA.<\/p>\n<p>Desde la entidad se manifestaron adem\u00e1s conformes con las medidas que apuntan a reducir el trabajo informal y solicitaron se revise a las \u201cempresas informales\u201d: \u201cEs un \u00e1rea de trabajo que venimos desarrollando junto al equipo del Ministro de Trabajo y las medidas son un buen comienzo para luego complementar con acciones que apunten, sobre todo, no solo al empleo no registrado sino a las empresas no registradas, donde observamos que se encuentra la mayor problem\u00e1tica\u201d destacaron en un comunicado.<\/p>\n","protected":false},"excerpt":{"rendered":"<p>CGERA particip\u00f3 de la mesa de di\u00e1logo propuestas por el Gobierno Nacional en la Casa de Gobierno junto al Jefe de Gabinete, Jorge Capitanich; Ministro de Econom\u00eda, Axel Kicillof; Ministro de Industria, D\u00e9bora Giorgi; Ministro de Trabajo, Empleo y Seguridad Social, Carlos Tomada. <\/p>\n","protected":false},"author":1,"featured_media":1421,"comment_status":"closed","ping_status":"closed","sticky":false,"template":"","format":"standard","meta":[],"categories":[1],"tags":[],"_links":{"self":[{"href":"https:\/\/www.cge-ra.org\/V16\/wp-json\/wp\/v2\/posts\/1420"}],"collection":[{"href":"https:\/\/www.cge-ra.org\/V16\/wp-json\/wp\/v2\/posts"}],"about":[{"href":"https:\/\/www.cge-ra.org\/V16\/wp-json\/wp\/v2\/types\/post"}],"author":[{"embeddable":true,"href":"https:\/\/www.cge-ra.org\/V16\/wp-json\/wp\/v2\/users\/1"}],"replies":[{"embeddable":true,"href":"https:\/\/www.cge-ra.org\/V16\/wp-json\/wp\/v2\/comments?post=1420"}],"version-history":[{"count":1,"href":"https:\/\/www.cge-ra.org\/V16\/wp-json\/wp\/v2\/posts\/1420\/revisions"}],"predecessor-version":[{"id":1422,"href":"https:\/\/www.cge-ra.org\/V16\/wp-json\/wp\/v2\/posts\/1420\/revisions\/1422"}],"wp:featuredmedia":[{"embeddable":true,"href":"https:\/\/www.cge-ra.org\/V16\/wp-json\/wp\/v2\/media\/1421"}],"wp:attachment":[{"href":"https:\/\/www.cge-ra.org\/V16\/wp-json\/wp\/v2\/media?parent=1420"}],"wp:term":[{"taxonomy":"category","embeddable":true,"href":"https:\/\/www.cge-ra.org\/V16\/wp-json\/wp\/v2\/categories?post=1420"},{"taxonomy":"post_tag","embeddable":true,"href":"https:\/\/www.cge-ra.org\/V16\/wp-json\/wp\/v2\/tags?post=1420"}],"curies":[{"name":"wp","href":"https:\/\/api.w.org\/{rel}","templated":true}]}}