{"id":1423,"date":"2013-12-19T13:47:35","date_gmt":"2013-12-19T13:47:35","guid":{"rendered":"http:\/\/www.cge-ra.org\/V16\/?p=1423"},"modified":"2018-01-09T20:43:06","modified_gmt":"2018-01-09T20:43:06","slug":"cgera-celebro-la-media-sancion-del-dia-del-empresario-nacional","status":"publish","type":"post","link":"https:\/\/www.cge-ra.org\/V16\/cgera-celebro-la-media-sancion-del-dia-del-empresario-nacional\/","title":{"rendered":"CGERA celebr\u00f3 la media sanci\u00f3n del \u201cD\u00eda del Empresario Nacional\u201d."},"content":{"rendered":"<div id='gallery-1' class='gallery galleryid-1423 gallery-columns-1 gallery-size-medium'><figure class='gallery-item'>\n\t\t\t<div class='gallery-icon landscape'>\n\t\t\t\t<a href='https:\/\/www.cge-ra.org\/V16\/wp-content\/uploads\/2015\/10\/2013-12-18-DIA-DEL-EMPRESARIO-NACIONAL-106.jpg'><img width=\"300\" height=\"200\" src=\"https:\/\/www.cge-ra.org\/V16\/wp-content\/uploads\/2015\/10\/2013-12-18-DIA-DEL-EMPRESARIO-NACIONAL-106-300x200.jpg\" class=\"attachment-medium size-medium\" alt=\"\" decoding=\"async\" loading=\"lazy\" aria-describedby=\"gallery-1-1425\" srcset=\"https:\/\/www.cge-ra.org\/V16\/wp-content\/uploads\/2015\/10\/2013-12-18-DIA-DEL-EMPRESARIO-NACIONAL-106-300x200.jpg 300w, https:\/\/www.cge-ra.org\/V16\/wp-content\/uploads\/2015\/10\/2013-12-18-DIA-DEL-EMPRESARIO-NACIONAL-106.jpg 600w\" sizes=\"(max-width: 300px) 100vw, 300px\" \/><\/a>\n\t\t\t<\/div>\n\t\t\t\t<figcaption class='wp-caption-text gallery-caption' id='gallery-1-1425'>\n\t\t\t\tCGERA le entrego plaquetas en agradecimiento al gesto de Carlos Heller y el compromiso de Juli\u00e1n Dom\u00ednguez. \n\t\t\t\t<\/figcaption><\/figure><figure class='gallery-item'>\n\t\t\t<div class='gallery-icon landscape'>\n\t\t\t\t<a href='https:\/\/www.cge-ra.org\/V16\/wp-content\/uploads\/2015\/10\/2013-12-18-DIA-DEL-EMPRESARIO-NACIONAL-061_600x450.jpg'><img width=\"300\" height=\"200\" src=\"https:\/\/www.cge-ra.org\/V16\/wp-content\/uploads\/2015\/10\/2013-12-18-DIA-DEL-EMPRESARIO-NACIONAL-061_600x450-300x200.jpg\" class=\"attachment-medium size-medium\" alt=\"\" decoding=\"async\" loading=\"lazy\" aria-describedby=\"gallery-1-1424\" srcset=\"https:\/\/www.cge-ra.org\/V16\/wp-content\/uploads\/2015\/10\/2013-12-18-DIA-DEL-EMPRESARIO-NACIONAL-061_600x450-300x200.jpg 300w, https:\/\/www.cge-ra.org\/V16\/wp-content\/uploads\/2015\/10\/2013-12-18-DIA-DEL-EMPRESARIO-NACIONAL-061_600x450.jpg 600w\" sizes=\"(max-width: 300px) 100vw, 300px\" \/><\/a>\n\t\t\t<\/div>\n\t\t\t\t<figcaption class='wp-caption-text gallery-caption' id='gallery-1-1424'>\n\t\t\t\tMarcelo fernandez, durante su discurso en agradecimiento al logro conseguido. \n\t\t\t\t<\/figcaption><\/figure>\n\t\t<\/div>\n\n<p>La Confederaci\u00f3n General Empresaria (CGERA) junto con sus c\u00e1maras nucleadas se reunieron en el Hotel Castelar con motivo de celebrar la media sanci\u00f3n al proyecto de ley que declara el 16 de agosto como el \u201cD\u00eda del Empresario Nacional\u201d. El acto, conto con la presencia del Presidente de la Honorable C\u00e1mara de Diputados de la\u00a0 Naci\u00f3n, Juli\u00e1n Dom\u00ednguez; y los Diputados Nacionales Carlos Heller y Luis Cigogna quienes fueron reconocidos por la CGERA por su haber asumido el compromiso que hizo posible la media sanci\u00f3n.<\/p>\n<p>Desde el a\u00f1o 2004 que los empresarios celebran ese d\u00eda como propio, pidiendo a las autoridades que lo reconozcan y quede como una ley o decreto de la Naci\u00f3n. En el 2008, la CGERA present\u00f3 esta iniciativa que fue actualmente retomada por Carlos Heller y ratificada por Juli\u00e1n dominguez.<\/p>\n<p>Tambi\u00e9n, estuvieron presentes los directivos de las c\u00e1maras como Alberto Sellaro, Presidente de la C\u00e1mara de la Industria del Calzado (CIC); Marcelo Girard, Presidente de la C\u00e1mara Gremial de fabricantes de tintas gr\u00e1ficas (CAFTG), Norberto Fermani, Presidente de la C\u00e1mara Argentina de Industrias \u00d3pticas y Afines (CADIOA), Eduardo Kozak, Presidente de la C\u00e1mara Argentina de Indumentaria para Bebes y Ni\u00f1os (CAIBYN), entre otros titulares del sector de marroquiner\u00eda, textil, seguridad, juguete, metalurgia; junto con empresarios nacionales y diversas entidades. Adem\u00e1s, formaron parte del festejo, el Presidente de la Uni\u00f3n Industrial de la Provincia de Buenos Aires, Osvaldo Rial; y representantes de la Confederaci\u00f3n General Econ\u00f3mica (CGE) y APYME.<\/p>\n<p>En agradecimiento, Marcelo Fern\u00e1ndez remarc\u00f3 la importancia de \u201cla defensa de la industria nacional y la aduana como \u00f3rgano important\u00edsimo para el fortalecimiento del mercado interno con nuestros productos nacionales. Siempre tuvimos un gobierno que nos apoy\u00f3 y nos\u00a0 defendi\u00f3 con sus medidas\u201d.<\/p>\n<p>\u201cEl d\u00eda del empresario, debe ser un d\u00eda muy importante para nosotros porque a partir de ahora, no va a hacer la voluntad de algunos pocos que se juntan, sino que va a ser un ley y que realmente se lo debemos a esos diputados nacionales y a la voluntad pol\u00edtica de un gobierno para que este fuera nuestro d\u00eda\u201d sostuvo con emoci\u00f3n Fern\u00e1ndez.<\/p>\n<p>Por \u00faltimo, llam\u00f3 a \u201cdefender el espacio de di\u00e1logo y discusi\u00f3n propuesto por el Gobierno Nacional, aportando ideas que ayuden a mejorar la situaci\u00f3n de las pymes y seguir discutiendo un comercio administrado\u201d.<\/p>\n<p>Por su parte, el diputado Carlos Heller, revindic\u00f3 la creaci\u00f3n de la Confederaci\u00f3n General Econ\u00f3mica (CGE), con sus valores y modelo de pa\u00eds, y la importa\u00a0 que logr\u00f3 tener el empresariado nacional. Destac\u00f3 que hoy los empresarios nacionales \u00abdejaron de hablar del salario como variable de ajuste, de plantear que sus problemas de subsistencia o rentabilidad tienen que ver con confrontar con los trabajadores y que los une un modelo com\u00fan\u00bb con un fuerte mercado interno, sustituci\u00f3n de importaciones o la administraci\u00f3n del tipo de cambio.<\/p>\n<p>\u00abNecesitamos un empresariado nacional fuerte y organizado que permita pivotear en las pol\u00edticas p\u00fablicas frente a los grupos concentrados, los formadores de precios, y a distintas cuestiones que habr\u00e1 que seguir confrontando para seguir avanzando\u00bb, enfatiz\u00f3 el diputado.<\/p>\n<p>En este contexto, Juli\u00e1n Dom\u00ednguez dijo que \u00abel Estado, en tiempos de profunda discusi\u00f3n, necesita de los empresarios nacionales para cumplir las metas de inclusi\u00f3n social y de distribuci\u00f3n mucho m\u00e1s justa\u00bb.<\/p>\n<p>Al mismo tiempo destac\u00f3 que ese proyecto pol\u00edtico iniciado en 2003 \u00abest\u00e1 convencido que no hay un proyecto de pa\u00eds si no hay una burgues\u00eda que crezca, y el Estado tiene que estar al servicio de su desarrollo\u00bb.<\/p>\n<p>Al finalizar el encuentro, se llev\u00f3 a cabo la entrega de las plaquetas junto con un brindis entre todos los presentes que acompa\u00f1aban para celebrar un logro en conjunto y el cierre de un gran a\u00f1o.<\/p>\n","protected":false},"excerpt":{"rendered":"<p>\u201cPodemos celebrar este d\u00eda gracias a que en estos \u00faltimos 10 a\u00f1os, hubieron funcionarios y gobernantes que creyeron en este sector, en las peque\u00f1as y medianas empresas. Tomando las medidas necesarias para que nosotros podamos continuar creciendo y desarroll\u00e1ndonos\u201d, sostuvo Marcelo Fern\u00e1ndez, presidente de CGERA, frente a m\u00e1s de 200 empresarios nacionales y diversas entidades presentes.  <\/p>\n","protected":false},"author":1,"featured_media":1425,"comment_status":"closed","ping_status":"closed","sticky":false,"template":"","format":"standard","meta":[],"categories":[1],"tags":[],"_links":{"self":[{"href":"https:\/\/www.cge-ra.org\/V16\/wp-json\/wp\/v2\/posts\/1423"}],"collection":[{"href":"https:\/\/www.cge-ra.org\/V16\/wp-json\/wp\/v2\/posts"}],"about":[{"href":"https:\/\/www.cge-ra.org\/V16\/wp-json\/wp\/v2\/types\/post"}],"author":[{"embeddable":true,"href":"https:\/\/www.cge-ra.org\/V16\/wp-json\/wp\/v2\/users\/1"}],"replies":[{"embeddable":true,"href":"https:\/\/www.cge-ra.org\/V16\/wp-json\/wp\/v2\/comments?post=1423"}],"version-history":[{"count":1,"href":"https:\/\/www.cge-ra.org\/V16\/wp-json\/wp\/v2\/posts\/1423\/revisions"}],"predecessor-version":[{"id":1426,"href":"https:\/\/www.cge-ra.org\/V16\/wp-json\/wp\/v2\/posts\/1423\/revisions\/1426"}],"wp:featuredmedia":[{"embeddable":true,"href":"https:\/\/www.cge-ra.org\/V16\/wp-json\/wp\/v2\/media\/1425"}],"wp:attachment":[{"href":"https:\/\/www.cge-ra.org\/V16\/wp-json\/wp\/v2\/media?parent=1423"}],"wp:term":[{"taxonomy":"category","embeddable":true,"href":"https:\/\/www.cge-ra.org\/V16\/wp-json\/wp\/v2\/categories?post=1423"},{"taxonomy":"post_tag","embeddable":true,"href":"https:\/\/www.cge-ra.org\/V16\/wp-json\/wp\/v2\/tags?post=1423"}],"curies":[{"name":"wp","href":"https:\/\/api.w.org\/{rel}","templated":true}]}}