{"id":1433,"date":"2013-12-05T13:58:36","date_gmt":"2013-12-05T13:58:36","guid":{"rendered":"http:\/\/www.cge-ra.org\/V16\/?p=1433"},"modified":"2018-01-09T20:42:59","modified_gmt":"2018-01-09T20:42:59","slug":"cgera-junto-a-smata-y-al-ministerio-de-trabajo-por-la-formacion-en-mecanica-de-motos","status":"publish","type":"post","link":"https:\/\/www.cge-ra.org\/V16\/cgera-junto-a-smata-y-al-ministerio-de-trabajo-por-la-formacion-en-mecanica-de-motos\/","title":{"rendered":"CGERA junto a SMATA y al Ministerio de Trabajo por la formaci\u00f3n en mec\u00e1nica de motos."},"content":{"rendered":"<div id='gallery-1' class='gallery galleryid-1433 gallery-columns-1 gallery-size-medium'><figure class='gallery-item'>\n\t\t\t<div class='gallery-icon landscape'>\n\t\t\t\t<a href='https:\/\/www.cge-ra.org\/V16\/wp-content\/uploads\/2015\/10\/2013-12-04-C_G_E_R_A-086.jpg'><img width=\"300\" height=\"200\" src=\"https:\/\/www.cge-ra.org\/V16\/wp-content\/uploads\/2015\/10\/2013-12-04-C_G_E_R_A-086-300x200.jpg\" class=\"attachment-medium size-medium\" alt=\"\" decoding=\"async\" loading=\"lazy\" aria-describedby=\"gallery-1-1434\" srcset=\"https:\/\/www.cge-ra.org\/V16\/wp-content\/uploads\/2015\/10\/2013-12-04-C_G_E_R_A-086-300x200.jpg 300w, https:\/\/www.cge-ra.org\/V16\/wp-content\/uploads\/2015\/10\/2013-12-04-C_G_E_R_A-086.jpg 600w\" sizes=\"(max-width: 300px) 100vw, 300px\" \/><\/a>\n\t\t\t<\/div>\n\t\t\t\t<figcaption class='wp-caption-text gallery-caption' id='gallery-1-1434'>\n\t\t\t\tCarlos Tomada junto a Guillermo Siro celebrando el trabajo realizado durante este a\u00f1o y medio. \n\t\t\t\t<\/figcaption><\/figure>\n\t\t<\/div>\n\n<p>El presidente de la Confederaci\u00f3n General Empresaria, Marcelo Fern\u00e1ndez, junto al Ministro de Trabajo, Carlos Tomada y al secretario General de SMATA, Ricardo Pignanelli, inauguraron un nuevo centro de capacitaci\u00f3n en oficios relacionados a la mec\u00e1nica de motos en la Ciudad de Buenos Aires.<\/p>\n<p>El centro est\u00e1 ubicado en la Calle Maza 850 en el barrio de Boedo, Ciudad Aut\u00f3noma de Buenos Aires y all\u00ed se dictar\u00e1n cursos de Mec\u00e1nica B\u00e1sica y Mec\u00e1nica Avanzada de Motoveh\u00edculos; Electricidad B\u00e1sica y Electr\u00f3nica B\u00e1sica de Motoveh\u00edculos; y Diagnostico de Fallas de Motoveh\u00edculos.<\/p>\n<p>Marcelo Fernandez, presidente de la CGERA expres\u00f3 que \u201cestos centros son de gran ayuda, por ello seguiremos gener\u00e1ndolos por todo el territorio. Hay un enorme mercado de moto-partes en el pa\u00eds y tendremos que alimentarlo\u201d, al tiempo que destac\u00f3 \u201cel trabajo conjunto con Carlos Tomada y su equipo as\u00ed como tambi\u00e9n el espacio que el Ministerio de Trabajo le da a los empresarios nacionales\u201d. Fern\u00e1ndez remarc\u00f3 adem\u00e1s la importancia de formar a mujeres en el rubro.<\/p>\n<p>Carlos Tomada manifest\u00f3 que se pas\u00f3 de capacitar 15.000 j\u00f3venes por a\u00f1o en 2003, \u00aba m\u00e1s de 300.000 por a\u00f1o a lo largo de todo el pa\u00eds\u00bb, y destac\u00f3 la creaci\u00f3n de m\u00e1s de seis millones de puestos de trabajo.<\/p>\n<p>\u00abCelebramos la fabricaci\u00f3n de 800.000 motos este a\u00f1o en la Argentina, pero tambi\u00e9n que se haga con SMATA al lado de CGERA. Venimos de 30 a\u00f1os de plena democracia. Nunca antes hab\u00edamos pasado por un per\u00edodo as\u00ed con un horizonte amplio de mayores derechos para hombres y mujeres, trabajadores todos. El camino es este: una Argentina m\u00e1s democr\u00e1tica, m\u00e1s productiva, una Argentina para todos y todas\u00bb, asegur\u00f3 el titular de la cartera de trabajo.<\/p>\n<p>Los centros de formaci\u00f3n cuentan con el apoyo de empresas como Zanella y Corven, referentes del sector.<\/p>\n<p>En los centros creados estos dos \u00faltimos a\u00f1os en Tres de Febrero, Florencio Varela (Buenos Aires), Villa Mar\u00eda (C\u00f3rdoba) y Salta ya se han formado 1600 alumnos desempe\u00f1\u00e1ndose en oficios de mec\u00e1nica, textil, marroquiner\u00eda y administraci\u00f3n.<\/p>\n<p>Ricardo Pignanelli en relaci\u00f3n a los resultados de los centros de formaci\u00f3n destac\u00f3 \u00abque hoy una familia tenga trabajo significa que esos trabajadores tienen identidad, los milagros no existen y el futuro se construye con estos centros de formaci\u00f3n que se van seguir multiplicando\u00bb, dijo el titular de SMATA.<\/p>\n<p>Guillermo Siro, el Coordinaror de Formaci\u00f3n Cont\u00ednua de la CGERA, inform\u00f3 que \u201cactualmente, existen 12 centros de formaci\u00f3n continua de CGERA y el Ministerio de Trabajo, en 8 localidades diferentes: Capital Federal, Salta, Jujuy, Corrientes, C\u00f3rdoba, Catamarca, Partido de 3 de Febrero (caseros) y en Florencio Varela en donde se dictan los cursos de Mec\u00e1nica de Motos, Marroquiner\u00eda, Textil y, Administraci\u00f3n y Negocios\u201d al tiempo que adelant\u00f3 que est\u00e1n trabajando para que el a\u00f1o que viene se realicen \u201cmuhas aperturas m\u00e1s en distintos puntos del pa\u00eds\u201d.<\/p>\n<p>De la actividad participaron tambi\u00e9n el subsecretario de Pol\u00edticas de Empleo y Formaci\u00f3n Profesional, Mat\u00edas Barroetave\u00f1a; la Directora Nacional de Orientaci\u00f3n y Formaci\u00f3n Profesional, Susana Barasati\u00e1n; y la Directora de Fortalecimiento Institucional, M\u00f3nica Sladogna.<\/p>\n","protected":false},"excerpt":{"rendered":"<p>La Confederaci\u00f3n General Empresaria (CGERA) inaugur\u00f3 un nuevo Centro de Formaci\u00f3n junto con el Ministerio de Trabajo y Smata. <\/p>\n","protected":false},"author":1,"featured_media":1434,"comment_status":"closed","ping_status":"closed","sticky":false,"template":"","format":"standard","meta":[],"categories":[1],"tags":[],"_links":{"self":[{"href":"https:\/\/www.cge-ra.org\/V16\/wp-json\/wp\/v2\/posts\/1433"}],"collection":[{"href":"https:\/\/www.cge-ra.org\/V16\/wp-json\/wp\/v2\/posts"}],"about":[{"href":"https:\/\/www.cge-ra.org\/V16\/wp-json\/wp\/v2\/types\/post"}],"author":[{"embeddable":true,"href":"https:\/\/www.cge-ra.org\/V16\/wp-json\/wp\/v2\/users\/1"}],"replies":[{"embeddable":true,"href":"https:\/\/www.cge-ra.org\/V16\/wp-json\/wp\/v2\/comments?post=1433"}],"version-history":[{"count":1,"href":"https:\/\/www.cge-ra.org\/V16\/wp-json\/wp\/v2\/posts\/1433\/revisions"}],"predecessor-version":[{"id":1435,"href":"https:\/\/www.cge-ra.org\/V16\/wp-json\/wp\/v2\/posts\/1433\/revisions\/1435"}],"wp:featuredmedia":[{"embeddable":true,"href":"https:\/\/www.cge-ra.org\/V16\/wp-json\/wp\/v2\/media\/1434"}],"wp:attachment":[{"href":"https:\/\/www.cge-ra.org\/V16\/wp-json\/wp\/v2\/media?parent=1433"}],"wp:term":[{"taxonomy":"category","embeddable":true,"href":"https:\/\/www.cge-ra.org\/V16\/wp-json\/wp\/v2\/categories?post=1433"},{"taxonomy":"post_tag","embeddable":true,"href":"https:\/\/www.cge-ra.org\/V16\/wp-json\/wp\/v2\/tags?post=1433"}],"curies":[{"name":"wp","href":"https:\/\/api.w.org\/{rel}","templated":true}]}}