{"id":1443,"date":"2013-10-31T14:02:51","date_gmt":"2013-10-31T14:02:51","guid":{"rendered":"http:\/\/www.cge-ra.org\/V16\/?p=1443"},"modified":"2018-01-09T20:42:50","modified_gmt":"2018-01-09T20:42:50","slug":"cgera-participo-de-la-firma-de-convenios-entre-buenos-aires-y-mendoza","status":"publish","type":"post","link":"https:\/\/www.cge-ra.org\/V16\/cgera-participo-de-la-firma-de-convenios-entre-buenos-aires-y-mendoza\/","title":{"rendered":"CGERA particip\u00f3 de la firma de convenios entre Buenos Aires y Mendoza"},"content":{"rendered":"<div id='gallery-1' class='gallery galleryid-1443 gallery-columns-1 gallery-size-medium'><figure class='gallery-item'>\n\t\t\t<div class='gallery-icon landscape'>\n\t\t\t\t<a href='https:\/\/www.cge-ra.org\/V16\/wp-content\/uploads\/2015\/10\/IMG00088-20131030-1359.jpg'><img width=\"300\" height=\"200\" src=\"https:\/\/www.cge-ra.org\/V16\/wp-content\/uploads\/2015\/10\/IMG00088-20131030-1359-300x200.jpg\" class=\"attachment-medium size-medium\" alt=\"\" decoding=\"async\" loading=\"lazy\" aria-describedby=\"gallery-1-1444\" srcset=\"https:\/\/www.cge-ra.org\/V16\/wp-content\/uploads\/2015\/10\/IMG00088-20131030-1359-300x200.jpg 300w, https:\/\/www.cge-ra.org\/V16\/wp-content\/uploads\/2015\/10\/IMG00088-20131030-1359.jpg 600w\" sizes=\"(max-width: 300px) 100vw, 300px\" \/><\/a>\n\t\t\t<\/div>\n\t\t\t\t<figcaption class='wp-caption-text gallery-caption' id='gallery-1-1444'>\n\t\t\t\tDaniel Scioli, junto a su par local, Francisco \u201cPaco\u201d Perez\n\t\t\t\t<\/figcaption><\/figure>\n\t\t<\/div>\n\n<p>El acuerdo entre el Grupo Provincia, y la provincia de Mendoza permitir\u00e1 la cobertura de riesgos de trabajo para trabajadores estatales de esa provincia, lo que significa \u00abun paso muy importante porque con Provincia ART 90 mil trabajadores de los tres poderes del Estado pueden tener su cobertura\u00bb, resalt\u00f3 Scioli.<\/p>\n<p>Adem\u00e1s, se firm\u00f3 un convenio marco de cooperaci\u00f3n mutua en materia de Turismo, para promover el intercambio de experiencias en ese sector, en un acto desarrollado en la Casa de Gobierno mendocina.<\/p>\n<p>Como cierre, el Gobernador cambi\u00f3 puntos de vista con caracterizados empresarios locales, en la bodega Vistalba.<\/p>\n<p>Participaron el Presidente del Grupo Provincia, Santiago Montoya; el Presidente de la Uni\u00f3n Industrial de la Provincia, Osvaldo Rial; el Presidente de la Confederaci\u00f3n Federal Empresaria, Marcelo Fern\u00e0ndez; y el Secretario de Turismo, Ignacio Crotto, entre otras autoridades bonaerenses y mendocinas.<\/p>\n","protected":false},"excerpt":{"rendered":"<p>Marcelo Fern\u00e1ndez, Presidente de CGERA, acompa\u00f1\u00f3 a el Gobernador Bonaerense, Daniel Scioli a Mendoza junto a otros empresarios. <\/p>\n","protected":false},"author":1,"featured_media":1444,"comment_status":"closed","ping_status":"closed","sticky":false,"template":"","format":"standard","meta":[],"categories":[1],"tags":[],"_links":{"self":[{"href":"https:\/\/www.cge-ra.org\/V16\/wp-json\/wp\/v2\/posts\/1443"}],"collection":[{"href":"https:\/\/www.cge-ra.org\/V16\/wp-json\/wp\/v2\/posts"}],"about":[{"href":"https:\/\/www.cge-ra.org\/V16\/wp-json\/wp\/v2\/types\/post"}],"author":[{"embeddable":true,"href":"https:\/\/www.cge-ra.org\/V16\/wp-json\/wp\/v2\/users\/1"}],"replies":[{"embeddable":true,"href":"https:\/\/www.cge-ra.org\/V16\/wp-json\/wp\/v2\/comments?post=1443"}],"version-history":[{"count":1,"href":"https:\/\/www.cge-ra.org\/V16\/wp-json\/wp\/v2\/posts\/1443\/revisions"}],"predecessor-version":[{"id":1445,"href":"https:\/\/www.cge-ra.org\/V16\/wp-json\/wp\/v2\/posts\/1443\/revisions\/1445"}],"wp:featuredmedia":[{"embeddable":true,"href":"https:\/\/www.cge-ra.org\/V16\/wp-json\/wp\/v2\/media\/1444"}],"wp:attachment":[{"href":"https:\/\/www.cge-ra.org\/V16\/wp-json\/wp\/v2\/media?parent=1443"}],"wp:term":[{"taxonomy":"category","embeddable":true,"href":"https:\/\/www.cge-ra.org\/V16\/wp-json\/wp\/v2\/categories?post=1443"},{"taxonomy":"post_tag","embeddable":true,"href":"https:\/\/www.cge-ra.org\/V16\/wp-json\/wp\/v2\/tags?post=1443"}],"curies":[{"name":"wp","href":"https:\/\/api.w.org\/{rel}","templated":true}]}}