{"id":1446,"date":"2013-10-18T14:05:04","date_gmt":"2013-10-18T14:05:04","guid":{"rendered":"http:\/\/www.cge-ra.org\/V16\/?p=1446"},"modified":"2018-01-09T20:42:43","modified_gmt":"2018-01-09T20:42:43","slug":"cgera-respaldo-a-cepba-por-sus-40-anos","status":"publish","type":"post","link":"https:\/\/www.cge-ra.org\/V16\/cgera-respaldo-a-cepba-por-sus-40-anos\/","title":{"rendered":"CGERA respald\u00f3 a CEPBA por sus 40 a\u00f1os"},"content":{"rendered":"<div id='gallery-1' class='gallery galleryid-1446 gallery-columns-1 gallery-size-medium'><figure class='gallery-item'>\n\t\t\t<div class='gallery-icon landscape'>\n\t\t\t\t<a href='https:\/\/www.cge-ra.org\/V16\/wp-content\/uploads\/2015\/10\/20131018_144830.jpg'><img width=\"300\" height=\"200\" src=\"https:\/\/www.cge-ra.org\/V16\/wp-content\/uploads\/2015\/10\/20131018_144830-300x200.jpg\" class=\"attachment-medium size-medium\" alt=\"\" decoding=\"async\" loading=\"lazy\" aria-describedby=\"gallery-1-1447\" srcset=\"https:\/\/www.cge-ra.org\/V16\/wp-content\/uploads\/2015\/10\/20131018_144830-300x200.jpg 300w, https:\/\/www.cge-ra.org\/V16\/wp-content\/uploads\/2015\/10\/20131018_144830.jpg 600w\" sizes=\"(max-width: 300px) 100vw, 300px\" \/><\/a>\n\t\t\t<\/div>\n\t\t\t\t<figcaption class='wp-caption-text gallery-caption' id='gallery-1-1447'>\n\t\t\t\tRepresentes de la Comisi\u00f3n Directiva de CGERA durante la celebraci\u00f3n.\n\t\t\t\t<\/figcaption><\/figure>\n\t\t<\/div>\n\n<p>La Confederaci\u00f3n Econ\u00f3mica de la Provincia de Buenos Aires (CEPBA) festej\u00f3 su 40\u00ba aniversario en la Gobernaci\u00f3n de la Provincia de Buenos Aires con un almuerzo.<\/p>\n<p>La instituci\u00f3n anunci\u00f3 que entr\u00f3 al mercado del microcr\u00e9dito con la inauguraci\u00f3n de un microbanco, que otorgar\u00e1 pr\u00e9stamos de hasta $24.000 a peque\u00f1os emprendedores bonaerenses. Este tendr\u00e1 un capital inicial de $1.000.000 otorgado por el programa Fuerza Solidaria del Ministerio de Desarrollo Social de la provincia de Buenos Aires.<\/p>\n<p>Se anunci\u00f3 adem\u00e1s la creaci\u00f3n de agencias Pymes en Parques Industriales de la provincia, para brindar apoyo tecnol\u00f3gico en innovaci\u00f3n y modernizaci\u00f3n a sus empresas. La acci\u00f3n se ejecutar\u00e1 mediante un convenio con la Universidad Tecnol\u00f3gica Nacional, la Universidad Nacional de La Plata y la Universidad Arturo Jauretche.<\/p>\n<p>El Sal\u00f3n de Usos M\u00faltiples de la Gobernaci\u00f3n se colm\u00f3 de empresarios, con una nutrida participaci\u00f3n de directivos y presidentes de las c\u00e1maras nucleadas en la Confederaci\u00f3n General Empresaria (CGERA). Estuvieron presentes varios Ministros provinciales y el Jefe de gabinete, Alberto P\u00e9rez.<\/p>\n<p>Marcelo Fern\u00e1ndez, Presidente de la CGERA qui\u00e9n es a su vez uno de los Vicepresidentes de CEPBA, destac\u00f3 la importancia de la entidad y de las soluciones que aporta en la Provincia: \u201cEstamos acompa\u00f1ando con fuerza desde CGERA como entidad nacional a CEPBA en la Provincia de Buenos Aires porque estamos convencidos que en el trabajo conjunto con los gobiernos y empresarios, pensados en t\u00e9rminos de largo plazo, est\u00e1n las soluciones para nuestras empresas y sus sectores productivos\u201d.<\/p>\n<p>Por su parte, Aladino Benassi, presidente de la entidad, dijo durante el acto: \u201clos empresarios argentinos hemos sabido salir de una situaci\u00f3n adversa en la que nos encontr\u00e1bamos en el 2001, al tiempo que hubo una pol\u00edtica productiva que resolvi\u00f3 en gran parte la desocupaci\u00f3n en la argentina y con crecimiento productivo, y hoy nos encontramos con el desaf\u00edo de recrear este modelo productivo, mirando hacia adelante, buscando mejorar la competitividad de las empresas, y que esto solo lo lograremos unidos\u201d.<\/p>\n<p>Entre los empresarios de la CGERA presentes se destacaron Ra\u00fal Zylbersztein, Daniel Doniki\u00e1n, Alberto Sellaro, Ariel Aguilar, Horacio Moschetto, Marco Meloni, PFrancisco Vard\u00e9, Guillermo Siro, Daniel Rosato, Cristina Lionti, entre otros.<\/p>\n","protected":false},"excerpt":{"rendered":"<p>Una nutrida delegaci\u00f3n de empresarios de la entidad nacional particip\u00f3 del almuerzo ofrecido por CEPBA en la Gobernaci\u00f3n bonaerense.<\/p>\n","protected":false},"author":1,"featured_media":1447,"comment_status":"closed","ping_status":"closed","sticky":false,"template":"","format":"standard","meta":[],"categories":[1],"tags":[],"_links":{"self":[{"href":"https:\/\/www.cge-ra.org\/V16\/wp-json\/wp\/v2\/posts\/1446"}],"collection":[{"href":"https:\/\/www.cge-ra.org\/V16\/wp-json\/wp\/v2\/posts"}],"about":[{"href":"https:\/\/www.cge-ra.org\/V16\/wp-json\/wp\/v2\/types\/post"}],"author":[{"embeddable":true,"href":"https:\/\/www.cge-ra.org\/V16\/wp-json\/wp\/v2\/users\/1"}],"replies":[{"embeddable":true,"href":"https:\/\/www.cge-ra.org\/V16\/wp-json\/wp\/v2\/comments?post=1446"}],"version-history":[{"count":1,"href":"https:\/\/www.cge-ra.org\/V16\/wp-json\/wp\/v2\/posts\/1446\/revisions"}],"predecessor-version":[{"id":1448,"href":"https:\/\/www.cge-ra.org\/V16\/wp-json\/wp\/v2\/posts\/1446\/revisions\/1448"}],"wp:featuredmedia":[{"embeddable":true,"href":"https:\/\/www.cge-ra.org\/V16\/wp-json\/wp\/v2\/media\/1447"}],"wp:attachment":[{"href":"https:\/\/www.cge-ra.org\/V16\/wp-json\/wp\/v2\/media?parent=1446"}],"wp:term":[{"taxonomy":"category","embeddable":true,"href":"https:\/\/www.cge-ra.org\/V16\/wp-json\/wp\/v2\/categories?post=1446"},{"taxonomy":"post_tag","embeddable":true,"href":"https:\/\/www.cge-ra.org\/V16\/wp-json\/wp\/v2\/tags?post=1446"}],"curies":[{"name":"wp","href":"https:\/\/api.w.org\/{rel}","templated":true}]}}