{"id":1449,"date":"2013-10-10T14:06:39","date_gmt":"2013-10-10T14:06:39","guid":{"rendered":"http:\/\/www.cge-ra.org\/V16\/?p=1449"},"modified":"2018-01-09T20:42:39","modified_gmt":"2018-01-09T20:42:39","slug":"cgera-festejo-los-70-anos-de-la-camara-de-industria-y-comercio-de-posadas","status":"publish","type":"post","link":"https:\/\/www.cge-ra.org\/V16\/cgera-festejo-los-70-anos-de-la-camara-de-industria-y-comercio-de-posadas\/","title":{"rendered":"CGERA festej\u00f3 los 70 a\u00f1os de la C\u00e1mara de Industria y Comercio de Posadas"},"content":{"rendered":"<div id='gallery-1' class='gallery galleryid-1449 gallery-columns-1 gallery-size-medium'><figure class='gallery-item'>\n\t\t\t<div class='gallery-icon landscape'>\n\t\t\t\t<a href='https:\/\/www.cge-ra.org\/V16\/wp-content\/uploads\/2015\/10\/1209205_705652976130155_1895277403_n.jpg'><img width=\"300\" height=\"200\" src=\"https:\/\/www.cge-ra.org\/V16\/wp-content\/uploads\/2015\/10\/1209205_705652976130155_1895277403_n-300x200.jpg\" class=\"attachment-medium size-medium\" alt=\"\" decoding=\"async\" loading=\"lazy\" aria-describedby=\"gallery-1-1450\" srcset=\"https:\/\/www.cge-ra.org\/V16\/wp-content\/uploads\/2015\/10\/1209205_705652976130155_1895277403_n-300x200.jpg 300w, https:\/\/www.cge-ra.org\/V16\/wp-content\/uploads\/2015\/10\/1209205_705652976130155_1895277403_n.jpg 600w\" sizes=\"(max-width: 300px) 100vw, 300px\" \/><\/a>\n\t\t\t<\/div>\n\t\t\t\t<figcaption class='wp-caption-text gallery-caption' id='gallery-1-1450'>\n\t\t\t\tEl Dr. Guillermo Siro entregando la Placa a la Presidenta de la Entidad, Sra. Norma Blanco. \n\t\t\t\t<\/figcaption><\/figure>\n\t\t<\/div>\n\n<p>El viernes 4 de octubre, la Confederaci\u00f3n General Empresaria (CGERA) particip\u00f3 de la conmemoraci\u00f3n de los 70 a\u00f1os de la C\u00e1mara de Industria y Comercio de Posadas en la Provincia de Misiones, siendo la \u00fanica entidad nacional en asistir.<\/p>\n<p>La CGERA a trav\u00e9s del Pro Secretario General, Dr. Guillermo Siro, entreg\u00f3 un Placa de parte de la Comisi\u00f3n Directiva de CGERA y adem\u00e1s una nota del Presidente, Marcelo Fern\u00e1ndez, reconociendo la lucha por la producci\u00f3n y el empleo a la entidad que representa a m\u00e1s de 1500 Pymes de la Mesopotamia Argentina.<\/p>\n<p>Tambi\u00e9n formaron parte de la celebraci\u00f3n, c\u00e1maras y federaciones del resto de la Provincia de Misiones y de los pa\u00edses vecinos, Brasil y Paraguay.<\/p>\n<p>Ante m\u00e1s de 350 empresarios Pymes, la presidenta de la entidad, Sr. Norma Blanco, reconoci\u00f3 el apoyo de la CGERA. Ambas instituciones se comprometieron a trabajar conjuntamente en el 2014 para apoyar la producci\u00f3n y el trabajo a trav\u00e9s del fortalecimiento de las Pymes, no solo de la Ciudad de Posadas, sino tambi\u00e9n de todo el territorio provincial.<\/p>\n","protected":false},"excerpt":{"rendered":"<p>La entidad celebr\u00f3 ante m\u00e1s de 350 invitados entre socios y autoridades locales, provinciales y nacionales de distintas instituciones p\u00fablicas y privadas.<\/p>\n","protected":false},"author":1,"featured_media":1450,"comment_status":"closed","ping_status":"closed","sticky":false,"template":"","format":"standard","meta":[],"categories":[1],"tags":[],"_links":{"self":[{"href":"https:\/\/www.cge-ra.org\/V16\/wp-json\/wp\/v2\/posts\/1449"}],"collection":[{"href":"https:\/\/www.cge-ra.org\/V16\/wp-json\/wp\/v2\/posts"}],"about":[{"href":"https:\/\/www.cge-ra.org\/V16\/wp-json\/wp\/v2\/types\/post"}],"author":[{"embeddable":true,"href":"https:\/\/www.cge-ra.org\/V16\/wp-json\/wp\/v2\/users\/1"}],"replies":[{"embeddable":true,"href":"https:\/\/www.cge-ra.org\/V16\/wp-json\/wp\/v2\/comments?post=1449"}],"version-history":[{"count":1,"href":"https:\/\/www.cge-ra.org\/V16\/wp-json\/wp\/v2\/posts\/1449\/revisions"}],"predecessor-version":[{"id":1451,"href":"https:\/\/www.cge-ra.org\/V16\/wp-json\/wp\/v2\/posts\/1449\/revisions\/1451"}],"wp:featuredmedia":[{"embeddable":true,"href":"https:\/\/www.cge-ra.org\/V16\/wp-json\/wp\/v2\/media\/1450"}],"wp:attachment":[{"href":"https:\/\/www.cge-ra.org\/V16\/wp-json\/wp\/v2\/media?parent=1449"}],"wp:term":[{"taxonomy":"category","embeddable":true,"href":"https:\/\/www.cge-ra.org\/V16\/wp-json\/wp\/v2\/categories?post=1449"},{"taxonomy":"post_tag","embeddable":true,"href":"https:\/\/www.cge-ra.org\/V16\/wp-json\/wp\/v2\/tags?post=1449"}],"curies":[{"name":"wp","href":"https:\/\/api.w.org\/{rel}","templated":true}]}}