{"id":1452,"date":"2013-09-19T14:08:17","date_gmt":"2013-09-19T14:08:17","guid":{"rendered":"http:\/\/www.cge-ra.org\/V16\/?p=1452"},"modified":"2018-01-09T20:42:28","modified_gmt":"2018-01-09T20:42:28","slug":"entrega-de-certificados-a-los-alumnos-de-mecanica-de-motos-de-caseros","status":"publish","type":"post","link":"https:\/\/www.cge-ra.org\/V16\/entrega-de-certificados-a-los-alumnos-de-mecanica-de-motos-de-caseros\/","title":{"rendered":"Entrega de Certificados a los alumnos de Mec\u00e1nica de Motos de Caseros"},"content":{"rendered":"<div id='gallery-1' class='gallery galleryid-1452 gallery-columns-1 gallery-size-medium'><figure class='gallery-item'>\n\t\t\t<div class='gallery-icon landscape'>\n\t\t\t\t<a href='https:\/\/www.cge-ra.org\/V16\/wp-content\/uploads\/2015\/10\/1.jpg'><img width=\"300\" height=\"200\" src=\"https:\/\/www.cge-ra.org\/V16\/wp-content\/uploads\/2015\/10\/1-300x200.jpg\" class=\"attachment-medium size-medium\" alt=\"\" decoding=\"async\" loading=\"lazy\" aria-describedby=\"gallery-1-1453\" srcset=\"https:\/\/www.cge-ra.org\/V16\/wp-content\/uploads\/2015\/10\/1-300x200.jpg 300w, https:\/\/www.cge-ra.org\/V16\/wp-content\/uploads\/2015\/10\/1.jpg 600w\" sizes=\"(max-width: 300px) 100vw, 300px\" \/><\/a>\n\t\t\t<\/div>\n\t\t\t\t<figcaption class='wp-caption-text gallery-caption' id='gallery-1-1453'>\n\t\t\t\tLos Alumnos recibieron los certificados en manos del Ministro de Trabajo, Carlos Tomada. \n\t\t\t\t<\/figcaption><\/figure>\n\t\t<\/div>\n\n<p>El jueves 19 de septiembre a las 12:30 hs se realiz\u00f3 el acto de entrega de certificados a los alumnos de Mec\u00e1nica de Motoveh\u00edculos del Centro de Formaci\u00f3n Continua \u201cCGERA N\u00b01 \u2013 Juan Zanella\u201d en el distrito bonaerense de Tres de Febrero.<\/p>\n<p>El acto estuvo encabezado por el Ministro de Trabajo, Empleo y Seguridad Social, Carlos Tomada; el Subsecretario del Ministerio de Trabajo, Matias Barrotave\u00f1a; el Presidente de la Confederaci\u00f3n General Empresaria (CGERA), Marcelo Fern\u00e1ndez; el Director Ejecutivo de Zanella, Walter Steiner; el Director de los Centros de Formaci\u00f3n Continua CGERA, Guillermo Siro; y el Subsecretario de Desarrollo Econ\u00f3mico de Tres de Febrero, N\u00e9stor Porta.<\/p>\n<p>En la apertura de la entrega, Marcelo Fern\u00e1ndez\u00a0 se mostr\u00f3 orgulloso de que las primeras mec\u00e1nicas mujeres nazcan de este centro y agradeci\u00f3 \u201cla voluntad pol\u00edtica del Gobierno nacional encabezada en este caso, por el ministro de trabajo, que les permite\u00a0 a los empresarios llevar sus voluntades y ser escuchados\u201d. Adem\u00e1s, se comprometi\u00f3 a \u201cseguir trabajando por la formaci\u00f3n\u201d.<\/p>\n<p>Por su parte, Walter Steiner tambi\u00e9n manifest\u00f3 su orgullo por trabajar en la formaci\u00f3n de los j\u00f3venes \u00a0y, en ese sentido, expres\u00f3 que el proyecto comenz\u00f3 hace dos a\u00f1os y, hoy, \u00abse ven los frutos\u00bb. \u00abSe continuar\u00e1 trabajando para instalar m\u00e1s talleres en todo el pa\u00eds\u00bb, adelant\u00f3 Steiner.<\/p>\n<p>Como cierre del acto, el Ministro felicit\u00f3 a quienes asumieron un compromiso con la capacitaci\u00f3n y en especial a \u00ablas mujeres, porque no es habitual que participen en este tipo de actividades\u00bb, a la vez que destac\u00f3 \u00abel trabajo tripartito entre Estado, trabajadores y empresarios\u00bb.<\/p>\n<p>A su vez, sostuvo que \u00abno es casual que haya dos millones de motos dando vueltas, lo que se relaciona con el crecimiento y la capacidad de consumo\u00bb, en tanto asever\u00f3 que \u00abla capacitaci\u00f3n de personal es un elemento fundamental para el desarrollo del pa\u00eds\u00bb.<\/p>\n<p>Los alumnos recibieron los certificados de Mec\u00e1nica B\u00e1sica, Mec\u00e1nica Avanzada, Electricidad B\u00e1sica, Electr\u00f3nica B\u00e1sico, y Diagnostico de Fallas de Motoveh\u00edculos. En el Centro \u201cCGERA N\u00b01 \u2013 Juan Zanella\u201d concluyeron de manera exitosa las capacitaciones y se prev\u00e9 continuar el a\u00f1o que viene.<\/p>\n","protected":false},"excerpt":{"rendered":"<p>El Ministro de Trabajo destac\u00f3 el compromiso en la capacitaci\u00f3n como elemento fundamental para el desarrollo del pa\u00eds. <\/p>\n","protected":false},"author":1,"featured_media":1453,"comment_status":"closed","ping_status":"closed","sticky":false,"template":"","format":"standard","meta":[],"categories":[1],"tags":[],"_links":{"self":[{"href":"https:\/\/www.cge-ra.org\/V16\/wp-json\/wp\/v2\/posts\/1452"}],"collection":[{"href":"https:\/\/www.cge-ra.org\/V16\/wp-json\/wp\/v2\/posts"}],"about":[{"href":"https:\/\/www.cge-ra.org\/V16\/wp-json\/wp\/v2\/types\/post"}],"author":[{"embeddable":true,"href":"https:\/\/www.cge-ra.org\/V16\/wp-json\/wp\/v2\/users\/1"}],"replies":[{"embeddable":true,"href":"https:\/\/www.cge-ra.org\/V16\/wp-json\/wp\/v2\/comments?post=1452"}],"version-history":[{"count":1,"href":"https:\/\/www.cge-ra.org\/V16\/wp-json\/wp\/v2\/posts\/1452\/revisions"}],"predecessor-version":[{"id":1454,"href":"https:\/\/www.cge-ra.org\/V16\/wp-json\/wp\/v2\/posts\/1452\/revisions\/1454"}],"wp:featuredmedia":[{"embeddable":true,"href":"https:\/\/www.cge-ra.org\/V16\/wp-json\/wp\/v2\/media\/1453"}],"wp:attachment":[{"href":"https:\/\/www.cge-ra.org\/V16\/wp-json\/wp\/v2\/media?parent=1452"}],"wp:term":[{"taxonomy":"category","embeddable":true,"href":"https:\/\/www.cge-ra.org\/V16\/wp-json\/wp\/v2\/categories?post=1452"},{"taxonomy":"post_tag","embeddable":true,"href":"https:\/\/www.cge-ra.org\/V16\/wp-json\/wp\/v2\/tags?post=1452"}],"curies":[{"name":"wp","href":"https:\/\/api.w.org\/{rel}","templated":true}]}}