{"id":1455,"date":"2013-09-18T14:09:58","date_gmt":"2013-09-18T14:09:58","guid":{"rendered":"http:\/\/www.cge-ra.org\/V16\/?p=1455"},"modified":"2018-01-09T20:42:25","modified_gmt":"2018-01-09T20:42:25","slug":"la-afip-en-cgera","status":"publish","type":"post","link":"https:\/\/www.cge-ra.org\/V16\/la-afip-en-cgera\/","title":{"rendered":"La AFIP en CGERA"},"content":{"rendered":"<div id='gallery-1' class='gallery galleryid-1455 gallery-columns-1 gallery-size-medium'><figure class='gallery-item'>\n\t\t\t<div class='gallery-icon landscape'>\n\t\t\t\t<a href='https:\/\/www.cge-ra.org\/V16\/wp-content\/uploads\/2015\/10\/DSC_8767.jpg'><img width=\"300\" height=\"200\" src=\"https:\/\/www.cge-ra.org\/V16\/wp-content\/uploads\/2015\/10\/DSC_8767-300x200.jpg\" class=\"attachment-medium size-medium\" alt=\"\" decoding=\"async\" loading=\"lazy\" aria-describedby=\"gallery-1-1456\" srcset=\"https:\/\/www.cge-ra.org\/V16\/wp-content\/uploads\/2015\/10\/DSC_8767-300x200.jpg 300w, https:\/\/www.cge-ra.org\/V16\/wp-content\/uploads\/2015\/10\/DSC_8767.jpg 600w\" sizes=\"(max-width: 300px) 100vw, 300px\" \/><\/a>\n\t\t\t<\/div>\n\t\t\t\t<figcaption class='wp-caption-text gallery-caption' id='gallery-1-1456'>\n\t\t\t\tCarlos S\u00e1nchez junto al Presidente de CGERA, Marcelo Fern\u00e1ndez. \n\t\t\t\t<\/figcaption><\/figure>\n\t\t<\/div>\n\n<p>El mi\u00e9rcoles 18 de septiembre, titulares de la AFIP brindaron una charla informativa en la Confederaci\u00f3n General Empresaria (CGERA) sobre los recientes cambios en el r\u00e9gimen de monotributo y su relaci\u00f3n con las Pymes. Asistieron empresarios y asociados de CGERA.<\/p>\n<p>Las expositores fueron Jos\u00e9 Antonio Bianchi, Subsecretario General de Recaudaci\u00f3n de la AFIP; y Carlos Alberto S\u00e1nchez, Director General de Recursos de Seguridad Social.<\/p>\n<p>Bianchi explic\u00f3 que \u201cNo hay impacto en t\u00e9rminos recaudatorios porque la recategorizaci\u00f3n a una escala m\u00e1s baja para las empresas adheridas al monotributo, debido a la actualizaci\u00f3n de los topes de facturaci\u00f3n, se compensar\u00e1 con el ingreso de unos 100 mil contribuyentes al sistema\u201d. Adem\u00e1s, agreg\u00f3 que los topes del monotributo se ajustan seg\u00fan un coeficiente de actualizaci\u00f3n que toma el promedio de suba de las jubilaciones y pensiones, pero aclar\u00f3 que el aumento es \u201cuna decisi\u00f3n de pol\u00edtica tributaria de acuerdo con el costo fiscal que implique el cambio\u201d.<\/p>\n<p>En el cierre, S\u00e1nchez plante\u00f3 que las pol\u00edticas de promoci\u00f3n para evitar el empleo informal son unos de los temas centrales para el gobierno actualmente. En dicho aspecto, la Confederaci\u00f3n General Empresaria viene trabajando por intermedio de su presidente Marcelo Fern\u00e1ndez en el marco de las reuniones de di\u00e1logo pol\u00edtico que encabeza la presidenta Cristina Fern\u00e1ndez de Kirchner.<\/p>\n<p>La charla se desarroll\u00f3 de forma din\u00e1mica y participativa debido a que los empresarios pudieron exponer sus dudas e inquietudes hacia los funcionarios quienes respondieron de manera clara a todas las preguntas presentadas.<\/p>\n","protected":false},"excerpt":{"rendered":"<p>El Ministro de Trabajo destac\u00f3 el compromiso en la capacitaci\u00f3n como elemento fundamental para el desarrollo del pa\u00eds. <\/p>\n","protected":false},"author":1,"featured_media":1456,"comment_status":"closed","ping_status":"closed","sticky":false,"template":"","format":"standard","meta":[],"categories":[1],"tags":[],"_links":{"self":[{"href":"https:\/\/www.cge-ra.org\/V16\/wp-json\/wp\/v2\/posts\/1455"}],"collection":[{"href":"https:\/\/www.cge-ra.org\/V16\/wp-json\/wp\/v2\/posts"}],"about":[{"href":"https:\/\/www.cge-ra.org\/V16\/wp-json\/wp\/v2\/types\/post"}],"author":[{"embeddable":true,"href":"https:\/\/www.cge-ra.org\/V16\/wp-json\/wp\/v2\/users\/1"}],"replies":[{"embeddable":true,"href":"https:\/\/www.cge-ra.org\/V16\/wp-json\/wp\/v2\/comments?post=1455"}],"version-history":[{"count":1,"href":"https:\/\/www.cge-ra.org\/V16\/wp-json\/wp\/v2\/posts\/1455\/revisions"}],"predecessor-version":[{"id":1457,"href":"https:\/\/www.cge-ra.org\/V16\/wp-json\/wp\/v2\/posts\/1455\/revisions\/1457"}],"wp:featuredmedia":[{"embeddable":true,"href":"https:\/\/www.cge-ra.org\/V16\/wp-json\/wp\/v2\/media\/1456"}],"wp:attachment":[{"href":"https:\/\/www.cge-ra.org\/V16\/wp-json\/wp\/v2\/media?parent=1455"}],"wp:term":[{"taxonomy":"category","embeddable":true,"href":"https:\/\/www.cge-ra.org\/V16\/wp-json\/wp\/v2\/categories?post=1455"},{"taxonomy":"post_tag","embeddable":true,"href":"https:\/\/www.cge-ra.org\/V16\/wp-json\/wp\/v2\/tags?post=1455"}],"curies":[{"name":"wp","href":"https:\/\/api.w.org\/{rel}","templated":true}]}}