{"id":1458,"date":"2013-09-11T14:12:02","date_gmt":"2013-09-11T14:12:02","guid":{"rendered":"http:\/\/www.cge-ra.org\/V16\/?p=1458"},"modified":"2018-01-09T20:42:22","modified_gmt":"2018-01-09T20:42:22","slug":"la-cgera-participo-de-la-cena-por-el-dia-de-la-industria","status":"publish","type":"post","link":"https:\/\/www.cge-ra.org\/V16\/la-cgera-participo-de-la-cena-por-el-dia-de-la-industria\/","title":{"rendered":"La CGERA particip\u00f3 de la cena por el D\u00eda de la Industria"},"content":{"rendered":"<div id='gallery-1' class='gallery galleryid-1458 gallery-columns-1 gallery-size-medium'><figure class='gallery-item'>\n\t\t\t<div class='gallery-icon landscape'>\n\t\t\t\t<a href='https:\/\/www.cge-ra.org\/V16\/wp-content\/uploads\/2015\/10\/cris-4.jpg'><img width=\"300\" height=\"200\" src=\"https:\/\/www.cge-ra.org\/V16\/wp-content\/uploads\/2015\/10\/cris-4-300x200.jpg\" class=\"attachment-medium size-medium\" alt=\"\" decoding=\"async\" loading=\"lazy\" aria-describedby=\"gallery-1-1459\" srcset=\"https:\/\/www.cge-ra.org\/V16\/wp-content\/uploads\/2015\/10\/cris-4-300x200.jpg 300w, https:\/\/www.cge-ra.org\/V16\/wp-content\/uploads\/2015\/10\/cris-4.jpg 600w\" sizes=\"(max-width: 300px) 100vw, 300px\" \/><\/a>\n\t\t\t<\/div>\n\t\t\t\t<figcaption class='wp-caption-text gallery-caption' id='gallery-1-1459'>\n\t\t\t\tLa Presidenta durante el discurso junto a la mesa principal \n\t\t\t\t<\/figcaption><\/figure>\n\t\t<\/div>\n\n<p>Desde Tecn\u00f3polis, Cristina Fernandez de Kirchner encabez\u00f3 la celebraci\u00f3n por el D\u00eda de la Industria con la presencia de funcionarios del gabinete nacional, representantes de empresas, c\u00e1maras empresariales y sindicalistas. Participaron un total de 3.500 invitados<\/p>\n<p>La presidenta resalt\u00f3 el crecimiento de la industria en la \u00faltima d\u00e9cada gracias a las pol\u00edticas activas a favor del crecimiento del mercado interno. Adem\u00e1s, sostuvo que uno de los desaf\u00edos de la industria es mejorar la competitividad y reclam\u00f3 una mayor inversi\u00f3n privada en materia de ciencia y tecnolog\u00eda. Defendi\u00f3 la convocatoria al di\u00e1logo a empresarios y sindicatos y asegur\u00f3 que lo importante no es no tener diferencias, sino saldarlas para que el conjunto de la sociedad se beneficie.<\/p>\n<p>En ese marco, la jefa de estado dijo \u00abLas medidas de protecci\u00f3n a la industria se deben aplicar de manera que las pol\u00edticas p\u00fablicas no se transformen en distorsi\u00f3n de la calidad, sino en incentivo para poder no s\u00f3lo venderle a los argentinos sino tambi\u00e9n salir a exportar al mundo. Esta es una de las claves que tenemos que tratar entre el Estado, los empresarios y los sindicatos.\u00bb<\/p>\n<p>La Confederaci\u00f3n General Empresaria (CGERA) tuvo una convocatoria exitosa \u00a0llevando a m\u00e1s de 300 empresarios de las distintas c\u00e1maras y empresas que nuclean la entidad, mostrando un gran apoyo y orgullo hacia la industria nacional.<\/p>\n<p>Marcelo Fern\u00e1ndez, Presidente de CGERA, form\u00f3 parte de la mesa principal junto a la primera mandataria en representaci\u00f3n del sector de la Peque\u00f1a y Mediana Empresa. Adem\u00e1s lo acompa\u00f1aban el Gobernador bonaerense, Daniel Scioli; la Ministra de Industria, D\u00e9bora Giorgi; el candidato a diputado para el FPV, Mart\u00edn Insaurralde; el vicepresidente 2\u00b0 de la UIA, Jos\u00e9 Urtubey; el presidente de la C\u00e1mara de Construcci\u00f3n, Gustavo Weiss; el Presidente de CGE, Ider Peretti; el presidente de CAME, Osvaldo Cornide; el Presidente de Copal, Daniel Funes de Rioja; Juan Carlos Lascurain, de Adimra y Roberto Urqu\u00eda, due\u00f1o de Aceitera General Deheza.<\/p>\n<p>Adem\u00e1s, entre las distintas mesas distribuidas en el sal\u00f3n se encontraban los representantes de las c\u00e1maras nucleadas en CGERA como ARBIA, CIC, CIMA, CAMIMA, UIB, CAS, CADIOA,CAIBYN, CAFAICYM, CAIPIC, CAIFA, CASEL, CAFTG, CAFFYPSA, entre otros.<\/p>\n","protected":false},"excerpt":{"rendered":"<p>M\u00e1s de 300 empresarios de CGERA formaron parte del festejo organizado por la Presidencia en Tecn\u00f3polis.<\/p>\n","protected":false},"author":1,"featured_media":1459,"comment_status":"closed","ping_status":"closed","sticky":false,"template":"","format":"standard","meta":[],"categories":[1],"tags":[],"_links":{"self":[{"href":"https:\/\/www.cge-ra.org\/V16\/wp-json\/wp\/v2\/posts\/1458"}],"collection":[{"href":"https:\/\/www.cge-ra.org\/V16\/wp-json\/wp\/v2\/posts"}],"about":[{"href":"https:\/\/www.cge-ra.org\/V16\/wp-json\/wp\/v2\/types\/post"}],"author":[{"embeddable":true,"href":"https:\/\/www.cge-ra.org\/V16\/wp-json\/wp\/v2\/users\/1"}],"replies":[{"embeddable":true,"href":"https:\/\/www.cge-ra.org\/V16\/wp-json\/wp\/v2\/comments?post=1458"}],"version-history":[{"count":1,"href":"https:\/\/www.cge-ra.org\/V16\/wp-json\/wp\/v2\/posts\/1458\/revisions"}],"predecessor-version":[{"id":1460,"href":"https:\/\/www.cge-ra.org\/V16\/wp-json\/wp\/v2\/posts\/1458\/revisions\/1460"}],"wp:featuredmedia":[{"embeddable":true,"href":"https:\/\/www.cge-ra.org\/V16\/wp-json\/wp\/v2\/media\/1459"}],"wp:attachment":[{"href":"https:\/\/www.cge-ra.org\/V16\/wp-json\/wp\/v2\/media?parent=1458"}],"wp:term":[{"taxonomy":"category","embeddable":true,"href":"https:\/\/www.cge-ra.org\/V16\/wp-json\/wp\/v2\/categories?post=1458"},{"taxonomy":"post_tag","embeddable":true,"href":"https:\/\/www.cge-ra.org\/V16\/wp-json\/wp\/v2\/tags?post=1458"}],"curies":[{"name":"wp","href":"https:\/\/api.w.org\/{rel}","templated":true}]}}