{"id":1462,"date":"2013-09-09T14:14:12","date_gmt":"2013-09-09T14:14:12","guid":{"rendered":"http:\/\/www.cge-ra.org\/V16\/?p=1462"},"modified":"2018-01-09T20:38:19","modified_gmt":"2018-01-09T20:38:19","slug":"la-ministra-alicia-kirchner-entrego-subsidios-a-medios-de-arbia","status":"publish","type":"post","link":"https:\/\/www.cge-ra.org\/V16\/la-ministra-alicia-kirchner-entrego-subsidios-a-medios-de-arbia\/","title":{"rendered":"La Ministra Alicia Kirchner entreg\u00f3 subsidios a medios de ARBIA"},"content":{"rendered":"<div id='gallery-1' class='gallery galleryid-1462 gallery-columns-1 gallery-size-medium'><figure class='gallery-item'>\n\t\t\t<div class='gallery-icon landscape'>\n\t\t\t\t<a href='https:\/\/www.cge-ra.org\/V16\/wp-content\/uploads\/2015\/10\/alicia.jpg'><img width=\"300\" height=\"200\" src=\"https:\/\/www.cge-ra.org\/V16\/wp-content\/uploads\/2015\/10\/alicia-300x200.jpg\" class=\"attachment-medium size-medium\" alt=\"\" decoding=\"async\" loading=\"lazy\" aria-describedby=\"gallery-1-1463\" srcset=\"https:\/\/www.cge-ra.org\/V16\/wp-content\/uploads\/2015\/10\/alicia-300x200.jpg 300w, https:\/\/www.cge-ra.org\/V16\/wp-content\/uploads\/2015\/10\/alicia.jpg 600w\" sizes=\"(max-width: 300px) 100vw, 300px\" \/><\/a>\n\t\t\t<\/div>\n\t\t\t\t<figcaption class='wp-caption-text gallery-caption' id='gallery-1-1463'>\n\t\t\t\tOsvaldo Frances junto a la Ministra Alicia Kirchner durante la entrega de subsidios \n\t\t\t\t<\/figcaption><\/figure>\n\t\t<\/div>\n\n<p>Durante el acto, que tuvo lugar en el sal\u00f3n Ram\u00f3n Carrillo de la sede de la cartera social, y que cont\u00f3 con la presencia de los intendentes de San Antonio de Areco, Francisco Dura\u00f1ona; de Balcarce, Jos\u00e9 Echeverr\u00eda; y de Baradero, Aldo Carossi, se entregaron certificados y \u00f3rdenes de pago a emisoras nucleadas en la Asociaci\u00f3n de Radiodifusoras Bonaerenses e Interior de Argentina (ARBIA).<\/p>\n<p>Alicia Kirchner junto a la subsecretaria de Organizaci\u00f3n Comunitaria Alicita Soraire y el director de Comunicaci\u00f3n en Red, Federico Martelli, entreg\u00f3 certificados y subsidios institucionales a medios de comunicaci\u00f3n comunitaria integrantes de A.R.B.I.A (Asociaci\u00f3n de Radiodifusores Bonaerenses y del Interior de la Rep. Argentina).<\/p>\n<p>El proyecto presentado por A.R.B.I.A se titul\u00f3 \u00abFortalecer la organizaci\u00f3n y mejorar nuestros medios de comunicaci\u00f3n nacionales y populares\u00bb. El mismo se realiz\u00f3 en el marco de las acciones del fortalecimiento e incorporaci\u00f3n de nuevas tecnolog\u00edas de radiodifusi\u00f3n a medios de comunicaci\u00f3n dentro del marco de la Ley de Servicios de Comunicaci\u00f3n Audiovisual. \u201cTenemos un desaf\u00edo importante y los medios, ustedes, en la pluralidad de voces nos acompa\u00f1an para que todos puedan opinar\u201d, explic\u00f3 la funcionaria nacional.<\/p>\n<p>Cabe destacar que la orden de pago presupuestaria fue recibida por el presidente de A.R.B.I.A Osvaldo Franc\u00e9s quien en conferencia de prensa al finalizar el acto, destac\u00f3: \u00abNosotros desde ARBIA estamos junto a la Presidenta y la Ministra, y &#8216;Elegimos Seguir Haciendo&#8217;.<\/p>\n<p>Finalmente, Alicia Kirchner record\u00f3 que \u201ctenemos que seguir caminando y abriendo las avenidas de la patria, los caminos que nos unen m\u00e1s, porque el Estado somos todos\u201d.<\/p>\n","protected":false},"excerpt":{"rendered":"<p>El pasado martes la ministra de Desarrollo Social de la Naci\u00f3n, Alicia Kirchner entreg\u00f3 certificados y \u00f3rdenes de pago a medios de comunicaci\u00f3n comunitarios nucleados en ARBIA, asociado de CGERA.<\/p>\n","protected":false},"author":1,"featured_media":1463,"comment_status":"closed","ping_status":"closed","sticky":false,"template":"","format":"standard","meta":[],"categories":[1],"tags":[],"_links":{"self":[{"href":"https:\/\/www.cge-ra.org\/V16\/wp-json\/wp\/v2\/posts\/1462"}],"collection":[{"href":"https:\/\/www.cge-ra.org\/V16\/wp-json\/wp\/v2\/posts"}],"about":[{"href":"https:\/\/www.cge-ra.org\/V16\/wp-json\/wp\/v2\/types\/post"}],"author":[{"embeddable":true,"href":"https:\/\/www.cge-ra.org\/V16\/wp-json\/wp\/v2\/users\/1"}],"replies":[{"embeddable":true,"href":"https:\/\/www.cge-ra.org\/V16\/wp-json\/wp\/v2\/comments?post=1462"}],"version-history":[{"count":1,"href":"https:\/\/www.cge-ra.org\/V16\/wp-json\/wp\/v2\/posts\/1462\/revisions"}],"predecessor-version":[{"id":1464,"href":"https:\/\/www.cge-ra.org\/V16\/wp-json\/wp\/v2\/posts\/1462\/revisions\/1464"}],"wp:featuredmedia":[{"embeddable":true,"href":"https:\/\/www.cge-ra.org\/V16\/wp-json\/wp\/v2\/media\/1463"}],"wp:attachment":[{"href":"https:\/\/www.cge-ra.org\/V16\/wp-json\/wp\/v2\/media?parent=1462"}],"wp:term":[{"taxonomy":"category","embeddable":true,"href":"https:\/\/www.cge-ra.org\/V16\/wp-json\/wp\/v2\/categories?post=1462"},{"taxonomy":"post_tag","embeddable":true,"href":"https:\/\/www.cge-ra.org\/V16\/wp-json\/wp\/v2\/tags?post=1462"}],"curies":[{"name":"wp","href":"https:\/\/api.w.org\/{rel}","templated":true}]}}