{"id":1465,"date":"2013-08-16T14:15:39","date_gmt":"2013-08-16T14:15:39","guid":{"rendered":"http:\/\/www.cge-ra.org\/V16\/?p=1465"},"modified":"2018-01-09T20:38:23","modified_gmt":"2018-01-09T20:38:23","slug":"la-cgera-festejo-el-dia-del-empresario-nacional","status":"publish","type":"post","link":"https:\/\/www.cge-ra.org\/V16\/la-cgera-festejo-el-dia-del-empresario-nacional\/","title":{"rendered":"La CGERA festej\u00f3 el D\u00eda del Empresario Nacional."},"content":{"rendered":"<div id='gallery-1' class='gallery galleryid-1465 gallery-columns-1 gallery-size-medium'><figure class='gallery-item'>\n\t\t\t<div class='gallery-icon landscape'>\n\t\t\t\t<a href='https:\/\/www.cge-ra.org\/V16\/wp-content\/uploads\/2015\/10\/SAM_3149-1.jpg'><img width=\"300\" height=\"225\" src=\"https:\/\/www.cge-ra.org\/V16\/wp-content\/uploads\/2015\/10\/SAM_3149-1-300x225.jpg\" class=\"attachment-medium size-medium\" alt=\"\" decoding=\"async\" loading=\"lazy\" aria-describedby=\"gallery-1-1466\" srcset=\"https:\/\/www.cge-ra.org\/V16\/wp-content\/uploads\/2015\/10\/SAM_3149-1-300x225.jpg 300w, https:\/\/www.cge-ra.org\/V16\/wp-content\/uploads\/2015\/10\/SAM_3149-1.jpg 600w\" sizes=\"(max-width: 300px) 100vw, 300px\" \/><\/a>\n\t\t\t<\/div>\n\t\t\t\t<figcaption class='wp-caption-text gallery-caption' id='gallery-1-1466'>\n\t\t\t\tLos empresarios durante el festejo \n\t\t\t\t<\/figcaption><\/figure>\n\t\t<\/div>\n\n<p>Estuvieron presentes presidentes de distintas c\u00e1maras empresarias nucleadas en CGERA, as\u00ed como tambi\u00e9n el presidente de la UIPBA, Osvaldo Rial; el Diputado Nacional, Carlos Gdansky; el Vicepresidente del BICE, Claudio Fern\u00e1ndez; todo el gabinete de Secretarios y Subsecretarios de la Ministro de Industria; y la candidata a senadora por el FPV, Paula Espa\u00f1ol.<\/p>\n<p>El acto central estuvo conducido por el titular de la CGERA delegaci\u00f3n Florencio Varela Facundo Galdos quien dio las palabras de bienvenida y alusivas al d\u00eda en cuesti\u00f3n y los motivos por el que fuera creado.<\/p>\n<p>Por su parte, Giorgi, acompa\u00f1ada por los Secretarios Horacio Roura, Horacio Cepeda ,Javier Rando, y el Subsecretario Andr\u00e9s Elgarrista. agradeci\u00f3 a la CGERA: \u201cquiero hacerle un reconocimiento fuerte a Marcelo Fern\u00e1ndez y a toda CGERA porque no les fueron f\u00e1cil las cosas\u201d. \u201cLa CGERA es una entidad que siempre defendi\u00f3 pero proponiendo\u201d, sostuvo.<\/p>\n<p>En relaci\u00f3n a la situaci\u00f3n electoral, declar\u00f3 que \u201cme gusta que lo piensen y lo analicen\u201d. \u201cNo solamente pensarlo desde la memoria, sino pensarlo desde la inteligencia, nuestro proyecto pol\u00edtico con su adn central en la industria y en el empresariado nacional hacen al objetivo central de Cristina de la distribuci\u00f3n del ingreso y la inclusi\u00f3n\u201d destac\u00f3. \u201cLa propuesta es un mercado interno que siga teniendo la pujanza que tiene actualmente en medio de un mundo que se derrumba\u201d expres\u00f3 la Ministro.<\/p>\n<p>Marcelo Fern\u00e1ndez, presidente de la CGERA, manifest\u00f3 que \u201ccontamos con el acompa\u00f1amiento que siempre tiene la Ministro de Industria con las peque\u00f1as y medianas empresas, que hoy ha venido con todo su gabinete a festejar el d\u00eda del empresario nacional\u201d. \u201cAdherimos plenamente a un proyecto de pa\u00eds que centre sus esfuerzos en el mercado interno y estamos como siempre a disposici\u00f3n para defender con propuestas lo alcanzado hasta aqu\u00ed y obtener soluciones a los distintos problemas que hoy aprovechan quienes plantean proyectos alternativos que esconden la eliminaci\u00f3n de la industria nacional\u201d dijo Fern\u00e1ndez.<\/p>\n","protected":false},"excerpt":{"rendered":"<p>La Confederaci\u00f3n General Empresaria (CGERA) celebr\u00f3 el D\u00eda del Empresario Nacional el viernes con la presencia de 300 empresarios de distintas provincias del pa\u00eds y distintos funcionarios p\u00fablicos nacionales como la Ministro de Industria, D\u00e9bora Giorgi.<\/p>\n","protected":false},"author":1,"featured_media":1466,"comment_status":"closed","ping_status":"closed","sticky":false,"template":"","format":"standard","meta":[],"categories":[1],"tags":[],"_links":{"self":[{"href":"https:\/\/www.cge-ra.org\/V16\/wp-json\/wp\/v2\/posts\/1465"}],"collection":[{"href":"https:\/\/www.cge-ra.org\/V16\/wp-json\/wp\/v2\/posts"}],"about":[{"href":"https:\/\/www.cge-ra.org\/V16\/wp-json\/wp\/v2\/types\/post"}],"author":[{"embeddable":true,"href":"https:\/\/www.cge-ra.org\/V16\/wp-json\/wp\/v2\/users\/1"}],"replies":[{"embeddable":true,"href":"https:\/\/www.cge-ra.org\/V16\/wp-json\/wp\/v2\/comments?post=1465"}],"version-history":[{"count":1,"href":"https:\/\/www.cge-ra.org\/V16\/wp-json\/wp\/v2\/posts\/1465\/revisions"}],"predecessor-version":[{"id":1467,"href":"https:\/\/www.cge-ra.org\/V16\/wp-json\/wp\/v2\/posts\/1465\/revisions\/1467"}],"wp:featuredmedia":[{"embeddable":true,"href":"https:\/\/www.cge-ra.org\/V16\/wp-json\/wp\/v2\/media\/1466"}],"wp:attachment":[{"href":"https:\/\/www.cge-ra.org\/V16\/wp-json\/wp\/v2\/media?parent=1465"}],"wp:term":[{"taxonomy":"category","embeddable":true,"href":"https:\/\/www.cge-ra.org\/V16\/wp-json\/wp\/v2\/categories?post=1465"},{"taxonomy":"post_tag","embeddable":true,"href":"https:\/\/www.cge-ra.org\/V16\/wp-json\/wp\/v2\/tags?post=1465"}],"curies":[{"name":"wp","href":"https:\/\/api.w.org\/{rel}","templated":true}]}}