{"id":1468,"date":"2013-06-13T14:17:52","date_gmt":"2013-06-13T14:17:52","guid":{"rendered":"http:\/\/www.cge-ra.org\/V16\/?p=1468"},"modified":"2018-01-09T20:38:48","modified_gmt":"2018-01-09T20:38:48","slug":"las-cadenas-de-valor-y-el-impacto-pyme-en-el-empleo-fueron-ejes-del-debate-de-cgera-en-iguazu","status":"publish","type":"post","link":"https:\/\/www.cge-ra.org\/V16\/las-cadenas-de-valor-y-el-impacto-pyme-en-el-empleo-fueron-ejes-del-debate-de-cgera-en-iguazu\/","title":{"rendered":"Las cadenas de valor y el impacto Pyme en el empleo fueron ejes del debate de CGERA en Iguaz\u00fa"},"content":{"rendered":"<div id='gallery-1' class='gallery galleryid-1468 gallery-columns-1 gallery-size-medium'><figure class='gallery-item'>\n\t\t\t<div class='gallery-icon landscape'>\n\t\t\t\t<a href='https:\/\/www.cge-ra.org\/V16\/wp-content\/uploads\/2015\/10\/TODAS-VIAJE-PA-076.jpg'><img width=\"300\" height=\"200\" src=\"https:\/\/www.cge-ra.org\/V16\/wp-content\/uploads\/2015\/10\/TODAS-VIAJE-PA-076-300x200.jpg\" class=\"attachment-medium size-medium\" alt=\"\" decoding=\"async\" loading=\"lazy\" aria-describedby=\"gallery-1-1470\" srcset=\"https:\/\/www.cge-ra.org\/V16\/wp-content\/uploads\/2015\/10\/TODAS-VIAJE-PA-076-300x200.jpg 300w, https:\/\/www.cge-ra.org\/V16\/wp-content\/uploads\/2015\/10\/TODAS-VIAJE-PA-076.jpg 600w\" sizes=\"(max-width: 300px) 100vw, 300px\" \/><\/a>\n\t\t\t<\/div>\n\t\t\t\t<figcaption class='wp-caption-text gallery-caption' id='gallery-1-1470'>\n\t\t\t\tEl Tercer Panel durante la exposici\u00f3n \n\t\t\t\t<\/figcaption><\/figure><figure class='gallery-item'>\n\t\t\t<div class='gallery-icon landscape'>\n\t\t\t\t<a href='https:\/\/www.cge-ra.org\/V16\/wp-content\/uploads\/2015\/10\/TODAS-VIAJE-PA-084.jpg'><img width=\"300\" height=\"200\" src=\"https:\/\/www.cge-ra.org\/V16\/wp-content\/uploads\/2015\/10\/TODAS-VIAJE-PA-084-300x200.jpg\" class=\"attachment-medium size-medium\" alt=\"\" decoding=\"async\" loading=\"lazy\" aria-describedby=\"gallery-1-1469\" srcset=\"https:\/\/www.cge-ra.org\/V16\/wp-content\/uploads\/2015\/10\/TODAS-VIAJE-PA-084-300x200.jpg 300w, https:\/\/www.cge-ra.org\/V16\/wp-content\/uploads\/2015\/10\/TODAS-VIAJE-PA-084.jpg 600w\" sizes=\"(max-width: 300px) 100vw, 300px\" \/><\/a>\n\t\t\t<\/div>\n\t\t\t\t<figcaption class='wp-caption-text gallery-caption' id='gallery-1-1469'>\n\t\t\t\tEl Cuarto Panel durante el Encuentro\n\t\t\t\t<\/figcaption><\/figure>\n\t\t<\/div>\n\n<p>En el marco del tercer panel, se trat\u00f3 c\u00f3mo las pymes se integran en las cadenas de valor tanto nacionales como regionales.<\/p>\n<p>El panel estuvo conformado por el Lic. Javier Rando, Secretario de Industria. Ministerio de Industria de la Naci\u00f3n; el Sr. Alberto Sellaro, Presidente de la C\u00e1mara de la Industria del Calzado (CIC) y Vicepresidente de la Confederaci\u00f3n General Empresaria de la Rep. Arg. (CGERA); el Sr. Mario C\u00e9sar Costenaro, Presidente de Coordenadoria das Associa\u00e7\u00f5es Comerciais e Empresariais do Oeste do Paran\u00e1 (CACIOPAR); y el Sr. Daniel Rosato; Presidente de la Uni\u00f3n Industrial de Berazategui (UIB); y moderado por el Sr. Daniel Donikian, Presidente de la C\u00e1mara Industrial de las Manufacturas del Cuero y Afines de la Rep. Arg. (CIMA) y Directivo de la Confederaci\u00f3n General Empresaria de la Rep. Arg. (CGERA).<\/p>\n<p>Durante el cuarto panel, los diferentes oradores expusieron sobre la posici\u00f3n de las pymes y el impacto que tienen durante a partir de la generaci\u00f3n de empleo y la inclusi\u00f3n social.<\/p>\n<p>Este panel se conform\u00f3 por el Sr. Ra\u00fal Zylbersztein, Secretario de la Confederaci\u00f3n General Empresaria de la Rep. Arg. (CGERA); el Sr. Marcelo Girard, Presidente de la C\u00e1mara Gremial de Fabricantes de Tintas Gr\u00e1ficas. Directivo de la Confederaci\u00f3n General Empresaria de la Rep. Arg. (CGERA); el Sr. Horacio Moschetto, Secretario de la C\u00e1mara de la Industria del Calzado. Directivo de la Confederaci\u00f3n General Empresaria de la Rep. Arg. (CGERA); el Lic. Mariano Kestelboim, Economista de la Confederaci\u00f3n General Empresaria de la Rep. Arg. (CGERA); y Lic. Federico Ludue\u00f1a.Subsecretario de Promoci\u00f3n del Sector Social de la Econom\u00eda. El moderador fue Dr. Guillermo Siro, Directivo de la Confederaci\u00f3n General Empresaria de la Rep. Arg. (CGERA).<\/p>\n","protected":false},"excerpt":{"rendered":"<p>El tercer y cuarto panel discutieron dichas tem\u00e1ticas con empresarios de Latinoam\u00e9rica y autoridades del Gobierno Nacional.<\/p>\n","protected":false},"author":1,"featured_media":1470,"comment_status":"closed","ping_status":"closed","sticky":false,"template":"","format":"standard","meta":[],"categories":[1],"tags":[],"_links":{"self":[{"href":"https:\/\/www.cge-ra.org\/V16\/wp-json\/wp\/v2\/posts\/1468"}],"collection":[{"href":"https:\/\/www.cge-ra.org\/V16\/wp-json\/wp\/v2\/posts"}],"about":[{"href":"https:\/\/www.cge-ra.org\/V16\/wp-json\/wp\/v2\/types\/post"}],"author":[{"embeddable":true,"href":"https:\/\/www.cge-ra.org\/V16\/wp-json\/wp\/v2\/users\/1"}],"replies":[{"embeddable":true,"href":"https:\/\/www.cge-ra.org\/V16\/wp-json\/wp\/v2\/comments?post=1468"}],"version-history":[{"count":1,"href":"https:\/\/www.cge-ra.org\/V16\/wp-json\/wp\/v2\/posts\/1468\/revisions"}],"predecessor-version":[{"id":1471,"href":"https:\/\/www.cge-ra.org\/V16\/wp-json\/wp\/v2\/posts\/1468\/revisions\/1471"}],"wp:featuredmedia":[{"embeddable":true,"href":"https:\/\/www.cge-ra.org\/V16\/wp-json\/wp\/v2\/media\/1470"}],"wp:attachment":[{"href":"https:\/\/www.cge-ra.org\/V16\/wp-json\/wp\/v2\/media?parent=1468"}],"wp:term":[{"taxonomy":"category","embeddable":true,"href":"https:\/\/www.cge-ra.org\/V16\/wp-json\/wp\/v2\/categories?post=1468"},{"taxonomy":"post_tag","embeddable":true,"href":"https:\/\/www.cge-ra.org\/V16\/wp-json\/wp\/v2\/tags?post=1468"}],"curies":[{"name":"wp","href":"https:\/\/api.w.org\/{rel}","templated":true}]}}