{"id":1472,"date":"2013-06-13T13:20:37","date_gmt":"2013-06-13T13:20:37","guid":{"rendered":"http:\/\/www.cge-ra.org\/V16\/?p=1472"},"modified":"2018-01-09T20:38:52","modified_gmt":"2018-01-09T20:38:52","slug":"ministros-intendentes-y-empresarios-pymes-latinoamericanos-se-reunieron-en-iguazu","status":"publish","type":"post","link":"https:\/\/www.cge-ra.org\/V16\/ministros-intendentes-y-empresarios-pymes-latinoamericanos-se-reunieron-en-iguazu\/","title":{"rendered":"Ministros, intendentes y empresarios pymes latinoamericanos se reunieron en Iguaz\u00fa."},"content":{"rendered":"<div id='gallery-1' class='gallery galleryid-1472 gallery-columns-1 gallery-size-medium'><figure class='gallery-item'>\n\t\t\t<div class='gallery-icon landscape'>\n\t\t\t\t<a href='https:\/\/www.cge-ra.org\/V16\/wp-content\/uploads\/2015\/10\/MF3.jpg'><img width=\"300\" height=\"200\" src=\"https:\/\/www.cge-ra.org\/V16\/wp-content\/uploads\/2015\/10\/MF3-300x200.jpg\" class=\"attachment-medium size-medium\" alt=\"\" decoding=\"async\" loading=\"lazy\" aria-describedby=\"gallery-1-1473\" srcset=\"https:\/\/www.cge-ra.org\/V16\/wp-content\/uploads\/2015\/10\/MF3-300x200.jpg 300w, https:\/\/www.cge-ra.org\/V16\/wp-content\/uploads\/2015\/10\/MF3.jpg 600w\" sizes=\"(max-width: 300px) 100vw, 300px\" \/><\/a>\n\t\t\t<\/div>\n\t\t\t\t<figcaption class='wp-caption-text gallery-caption' id='gallery-1-1473'>\n\t\t\t\tPanel de apertura: Julio Pereyra, Juli\u00e1n Dom\u00ednguez, D\u00e9bora Giorgi, Maurice Closs, Carlos Tomada, Marcelo Fern\u00e1ndez y Ra\u00fal Zylbersztein.\n\t\t\t\t<\/figcaption><\/figure>\n\t\t<\/div>\n\n<p>En el marco del \u201cPrimer Encuentro Latinoamericano de empresarios PYMES\u201d organizado por la Confederaci\u00f3n General Empresaria (CGERA) en Iguaz\u00fa, diversos funcionarios nacionales y empresarios de la regi\u00f3n expusieron sobre diversas problem\u00e1ticas como la integraci\u00f3n regional, las cadenas de valor y la relaci\u00f3n empresa-municipio.<\/p>\n<p>Marcelo Fern\u00e1ndez, Presidente de la CGERA se mostr\u00f3 muy conforme con el evento: \u201cLogramos reunir a funcionarios nacionales de primera l\u00ednea con intendentes de todo el pa\u00eds de la mano de la Federaci\u00f3n Argentina de Municipios, Alcaldes de otros pa\u00edses y empresarios Pymes tanto nacionales como de Latinoam\u00e9rica\u201d. \u201cEs muy importante para las peque\u00f1as y medianas empresas que continuemos trabajando en el camino de la integraci\u00f3n y en una fuerte y consustancial articulaci\u00f3n p\u00fablico-privada\u201d coment\u00f3 el presidente de la CGERA.<\/p>\n<p>300 empresarios de distintos pa\u00edses debatieron en distintas mesas de trabajo \u201clas formas de promover la integraci\u00f3n y generar pol\u00edticas conjuntas en concordancia con las econom\u00edas regionales de toda Latinoam\u00e9rica\u201d informaron los organizadores.<\/p>\n<p>El evento se realiz\u00f3 en el marco de la VII Cumbre Hemisf\u00e9rica de Alcaldes organizada por la Federaci\u00f3n Latinoamericana de Alcaldes, Municipios y Asociaciones de Gobiernos Locales (FLACMA) que preside Julio Pereyra.<\/p>\n<p>El presidente de la C\u00e1mara de Diputados, Juli\u00e1n Dom\u00ednguez, destac\u00f3 que \u201chay que animarse a pensar la realidad de la argentina que viene y no buscar afuera lo que podemos buscar adentro\u201d. \u201cM\u00e1s que nunca se necesita Estado, un estado que construya igualdad de oportunidades mientras que los empresarios tienen la responsabilidad social de dar respuesta a su tiempo, a su comunidad\u201d resalt\u00f3 Dom\u00ednguez.<\/p>\n<p>D\u00e9bora Giorgi expres\u00f3 que \u201choy Argentina tiene el doble de Industria que ten\u00eda en el 2003, hay una creaci\u00f3n de puestos de trabajo de m\u00e1s de 5 millones, de los cuales\u00a0 4 millones son en blanco. Esto se produjo en el \u00e1mbito del aumento de la productividad laboral\u201d.<\/p>\n<p>\u201cArgentina paso la crisis en forma privilegiada, si uno mira la producci\u00f3n industrial del 2008 al primer trimestre del 2013; \u00bfC\u00f3mo est\u00e1 hoy en europa, 11% abajo?\u201d reflexion\u00f3 Giorgi y agreg\u00f3: \u201cEstados Unidos 1.2\u00a0 abajo, nuestros hermanos brasile\u00f1os est\u00e1n igual, Argentina esta 12 % arriba, y la verdad que cuando uno ve estos indicadores claramente obedecen a una pol\u00edtica de Estado que ve en la reindustrializaci\u00f3n el eje de nuestro proyecto pol\u00edtico que es el desarrollo con inclusi\u00f3n social\u201d destac\u00f3 la Ministra de Industria.<\/p>\n<p>\u201cQuiero revalorizar esto, no solamente desde los fr\u00edos n\u00fameros, pero las pymes generan el 40 % del valor agregado, el 65 % del empleo, y generaron m\u00e1s del 50 % de los nuevos puestos de trabajo, pero adem\u00e1s fueron la esencia para poder mostrar esta d\u00e9cada ganada\u201d enfatiz\u00f3 Giorgi.<\/p>\n<p>Destacando la importante labor de las pymes sostuvo que\u00a0\u00a0\u201cHubo una pol\u00edtica federal en lo macro y en lo micro. Cuando se habla de integraci\u00f3n horizontal y vertical c\u00f3mo no va a ser actores importantes las Pymes. Esto hace m\u00e1s denso el tejido productivo, poniendo a las Pymes en la cancha para que presenten servicios que atraviesan transversalmente todo el sector productivo. Est\u00e1n presentes nuevamente como motores, con pol\u00edticas de Estado que defiende con vehemencia y con trabajo la Presidenta de la Naci\u00f3n: la sustituci\u00f3n de importaciones\u201d.<\/p>\n<p>\u201cEn los \u00faltimos tres a\u00f1os 28 mil millones de pesos directa o indirectamente se destinaron a pol\u00edticas b\u00e1sicamente brindadas al sector pyme que permitieron que 241.000 pymes recibieran alg\u00fan tipo de capacitaci\u00f3n beneficio o cr\u00e9dito. Casi llegamos al 40% de las Pymes existentes. Esto gener\u00f3 beneficios y puestos de trabajo para m\u00e1s de un mill\u00f3n 600 mil trabajadores\u201d concluy\u00f3 Debora Giorgi.<\/p>\n<p>El Ministro de Trabajo Carlos Tomada agradeci\u00f3 a la CGERA por \u201cla permanente batalla que da por colocar las problem\u00e1tica de las Pymes en todos los niveles y \u00e1mbitos de debate\u201d.<\/p>\n<p>El Ministro expres\u00f3: \u201cAc\u00e1 estamos los que todos los d\u00edas toman decisiones y es lo valorable de este encuentro\u201d. Adem\u00e1s, \u201cEste evento pone un granito m\u00e1s en la construcci\u00f3n de un sentido de nosotros y profundo de integraci\u00f3n nacional\u201d agreg\u00f3 Tomada.<\/p>\n<p>\u201cEntre el 50 y el 55% del empleo generado en estos diez a\u00f1os proviene del sector de la peque\u00f1a y mediana empresa\u201d asegur\u00f3 el Ministro, destacando el importante rol que cumplen las Pymes en todo el pa\u00eds. Adem\u00e1s, celebr\u00f3 el progreso social que se da en Argentina gracias al trabajo: \u201cEn un pa\u00eds de 40 millones de argentinos y argentinas hay 12 millones, casi el 30%, que hoy tienen derechos, que no ten\u00edan el 24 de mayo de 2003, lo que da lugar al proceso de inclusi\u00f3n social m\u00e1s importante que conozco de la historia Argentina contempor\u00e1nea\u201d.<\/p>\n<p>\u201cEl nivel de crecimiento de empresas es in\u00e9dito para la argentina. M\u00e1s de 200mil empresas se crearon en este periodo\u201d, afirm\u00f3 Tomada, y\u00a0 tambi\u00e9n remarc\u00f3 la importancia de la competitividad, un factor complejo en la actualidad. \u201cPara mejorar la competitividad hay que ir por la v\u00eda de las protecciones laborales, la capacitaci\u00f3n, la formaci\u00f3n, la innovaci\u00f3n tecnol\u00f3gica y el cuidado del medio ambiente\u201d, enfatiz\u00f3.<\/p>\n<p>El Ministro remarc\u00f3 algunos datos relevantes: \u201cDurante los 90 la productividad crec\u00eda 0,7% promedio\u00a0\u00a0anual, el empleo lo hac\u00eda a un 0,8% y los salarios reales ca\u00edan a un 0,6%. Desde el 2003, la productividad creci\u00f3 un 4,1%. El empleo a un ritmo promedio alt\u00edsimo, 3,5% anual, y los salarios a un 5,4% anual\u201d.<\/p>\n<p>Durante el encuentro, Julio Pereyra destac\u00f3 el esp\u00edritu de grandes l\u00edderes latinoamericanos como N\u00e9stor Kirchner, Hugo Ch\u00e1vez, Lula Da Silva y Rafael Correa, \u201cQue han hecho la uni\u00f3n para el desarrollo productivo e inclusivo de la regi\u00f3n\u201d y pidi\u00f3 \u201catar los intereses individuales a los colectivos, cada uno levantando su bandera pero todos en un mismo sentido de patria, de pertenencia, para que podamos hacer un pa\u00eds y un continente mejor, debatiendo, intercambiando experiencias y generando las mejores ideas que nos contengan a todos\u201d.<\/p>\n<p>Adem\u00e1s de empresarios, estuvieron presentes Intendentes y funcionarios municipales de numerosas provincias como Chaco, La Rioja, Mendoza, Salta, Buenos Aires, Misiones, ente otras. El intendente de Puerto Iguaz\u00fa, Marcelo S\u00e1nchez, se mostr\u00f3 muy conforme con la selecci\u00f3n de Iguaz\u00fa como lugar de encuentro.<\/p>\n<p>Entre los oradores estuvieron, en el primer panel, el Lic. Andr\u00e9s Elgarrista, el Dr. Leonardo Raimundo, el Sr. Roberto Yacuzzi, y el Sr. Ariel Borgiani. En el segundo panel estaba conformado por, la Lic. Beatriz Paglieri, el Lic. Horacio Cepeda,\u00a0\u00a0el Sr. Lotario Wallauer, el Dr. Leonardo Rial, el Dr. Claudio Fern\u00e1ndez, y el Ing. Pablo Reale.Por \u00faltimo, en el tercer panel, el Lic. Javier Rando, el Sr. Alberto Sellaro, el Sr. Mario C\u00e9sar Costenaro, y el Sr. Daniel Rosato. En el cuarto panel se encontraron, el Lic. Horacio Roura, el Sr. Ra\u00fal Zylbersztein, el Sr. Marcelo Girard, el Sr. Horacio Moschetto, el Lic. Mariano Kestelboim y el Lic. Federico Ludue\u00f1a.<\/p>\n<p>Los paneles fueron moderados por el Sr. Osvaldo Frances; el Sr. Norberto Fermani; el Sr. Daniel Donikian; y finalizando, el\u00a0 Dr. Guillermo Siro.<\/p>\n","protected":false},"excerpt":{"rendered":"<p>Expusieron empresarios junto con D\u00e9bora Giorgi, Carlos Tomada, Juli\u00e1n Dominguez, Maurice Closs, Julio Pereyra y Beatriz Paglieri<\/p>\n","protected":false},"author":1,"featured_media":1473,"comment_status":"closed","ping_status":"closed","sticky":false,"template":"","format":"standard","meta":[],"categories":[1],"tags":[],"_links":{"self":[{"href":"https:\/\/www.cge-ra.org\/V16\/wp-json\/wp\/v2\/posts\/1472"}],"collection":[{"href":"https:\/\/www.cge-ra.org\/V16\/wp-json\/wp\/v2\/posts"}],"about":[{"href":"https:\/\/www.cge-ra.org\/V16\/wp-json\/wp\/v2\/types\/post"}],"author":[{"embeddable":true,"href":"https:\/\/www.cge-ra.org\/V16\/wp-json\/wp\/v2\/users\/1"}],"replies":[{"embeddable":true,"href":"https:\/\/www.cge-ra.org\/V16\/wp-json\/wp\/v2\/comments?post=1472"}],"version-history":[{"count":1,"href":"https:\/\/www.cge-ra.org\/V16\/wp-json\/wp\/v2\/posts\/1472\/revisions"}],"predecessor-version":[{"id":1474,"href":"https:\/\/www.cge-ra.org\/V16\/wp-json\/wp\/v2\/posts\/1472\/revisions\/1474"}],"wp:featuredmedia":[{"embeddable":true,"href":"https:\/\/www.cge-ra.org\/V16\/wp-json\/wp\/v2\/media\/1473"}],"wp:attachment":[{"href":"https:\/\/www.cge-ra.org\/V16\/wp-json\/wp\/v2\/media?parent=1472"}],"wp:term":[{"taxonomy":"category","embeddable":true,"href":"https:\/\/www.cge-ra.org\/V16\/wp-json\/wp\/v2\/categories?post=1472"},{"taxonomy":"post_tag","embeddable":true,"href":"https:\/\/www.cge-ra.org\/V16\/wp-json\/wp\/v2\/tags?post=1472"}],"curies":[{"name":"wp","href":"https:\/\/api.w.org\/{rel}","templated":true}]}}