{"id":1475,"date":"2013-06-13T14:23:01","date_gmt":"2013-06-13T14:23:01","guid":{"rendered":"http:\/\/www.cge-ra.org\/V16\/?p=1475"},"modified":"2018-01-09T20:38:26","modified_gmt":"2018-01-09T20:38:26","slug":"empresarios-de-la-cgera-debatieron-con-funcionarios-nacionales-sobre-integracion-local-y-regional-en-iguazu","status":"publish","type":"post","link":"https:\/\/www.cge-ra.org\/V16\/empresarios-de-la-cgera-debatieron-con-funcionarios-nacionales-sobre-integracion-local-y-regional-en-iguazu\/","title":{"rendered":"Empresarios de la CGERA debatieron con funcionarios Nacionales sobre integraci\u00f3n Local y Regional en Iguaz\u00fa."},"content":{"rendered":"<div id='gallery-1' class='gallery galleryid-1475 gallery-columns-1 gallery-size-medium'><figure class='gallery-item'>\n\t\t\t<div class='gallery-icon landscape'>\n\t\t\t\t<a href='https:\/\/www.cge-ra.org\/V16\/wp-content\/uploads\/2015\/10\/TODAS-VIAJE-PA-061.jpg'><img width=\"300\" height=\"200\" src=\"https:\/\/www.cge-ra.org\/V16\/wp-content\/uploads\/2015\/10\/TODAS-VIAJE-PA-061-300x200.jpg\" class=\"attachment-medium size-medium\" alt=\"\" decoding=\"async\" loading=\"lazy\" aria-describedby=\"gallery-1-1476\" srcset=\"https:\/\/www.cge-ra.org\/V16\/wp-content\/uploads\/2015\/10\/TODAS-VIAJE-PA-061-300x200.jpg 300w, https:\/\/www.cge-ra.org\/V16\/wp-content\/uploads\/2015\/10\/TODAS-VIAJE-PA-061.jpg 600w\" sizes=\"(max-width: 300px) 100vw, 300px\" \/><\/a>\n\t\t\t<\/div>\n\t\t\t\t<figcaption class='wp-caption-text gallery-caption' id='gallery-1-1476'>\n\t\t\t\tel primer panel durante su exposici\u00f3n \n\t\t\t\t<\/figcaption><\/figure><figure class='gallery-item'>\n\t\t\t<div class='gallery-icon landscape'>\n\t\t\t\t<a href='https:\/\/www.cge-ra.org\/V16\/wp-content\/uploads\/2015\/10\/TODAS-VIAJE-PA-070.jpg'><img width=\"300\" height=\"200\" src=\"https:\/\/www.cge-ra.org\/V16\/wp-content\/uploads\/2015\/10\/TODAS-VIAJE-PA-070-300x200.jpg\" class=\"attachment-medium size-medium\" alt=\"\" decoding=\"async\" loading=\"lazy\" aria-describedby=\"gallery-1-1477\" srcset=\"https:\/\/www.cge-ra.org\/V16\/wp-content\/uploads\/2015\/10\/TODAS-VIAJE-PA-070-300x200.jpg 300w, https:\/\/www.cge-ra.org\/V16\/wp-content\/uploads\/2015\/10\/TODAS-VIAJE-PA-070.jpg 600w\" sizes=\"(max-width: 300px) 100vw, 300px\" \/><\/a>\n\t\t\t<\/div>\n\t\t\t\t<figcaption class='wp-caption-text gallery-caption' id='gallery-1-1477'>\n\t\t\t\tel segundo panel durante el encuentro \n\t\t\t\t<\/figcaption><\/figure>\n\t\t<\/div>\n\n<p>En el primer panel, formaron parte el Lic. Andr\u00e9s Elgarrista, Subsecretario de Pol\u00edtica y Gesti\u00f3n de la Pyme y Desarrollo Regional. Ministerio de Industria de la Naci\u00f3n; el Dr. Leonardo Raimundo, Intendente del Municipio de San Lorenzo. Pcia. de Santa Fe; el Sr. Roberto Yacuzzi, Presidente de la Uni\u00f3n Comerciantes e Industriales del Dpto. San Lorenzo. Pcia. de Santa Fe; y el Sr. Ariel Borgiani. Directivo de la C\u00e1mara Argentina de Proveedores de Estados Locales (CAPEL) y Presidente IC Argentina; y estuvo moderado por Sr. Osvaldo Frances, Presidente de Asociaci\u00f3n de Radiodifusoras bonaerenses y del Interior de la Rep. Arg. (ARBIA) y Directivo de la Confederaci\u00f3n General Empresaria de la Rep. Arg. (CGERA).<\/p>\n<p>Durante este marco, se debati\u00f3 la relaci\u00f3n entre empresa &#8211;\u00a0 municipio en la integraci\u00f3n local destacando la importancia de que las pymes contin\u00faen trabajando en el camino de la integraci\u00f3n y en una fuerte y consustancial articulaci\u00f3n p\u00fablico \u2013 privada.<\/p>\n<p>En el segundo panel, titulado: \u201cintegraci\u00f3n regional, las pymes y su vinculaci\u00f3n internacional; aspectos sociales, econ\u00f3micos y financieros\u201d; los oradores expusieron la necesidad de potenciar todas nuestras capacidades individuales para volcarlas a un objetivo mayor que es lograr un mayor valor de agregado e inclusi\u00f3n social, tanto en nuestras sociedad, municipios y provincia, como en los pa\u00edses de la regi\u00f3n, generando pol\u00edticas conjuntas en concordancia con las econom\u00edas regionales de Latinoam\u00e9rica.<\/p>\n<p>En este panel participaron, la Lic. Beatriz Paglieri, Secretaria de Comercio Exterior de la Naci\u00f3n. Ministerio de Econom\u00eda de la Naci\u00f3n; el Lic Horacio Cepeda,\u00a0 Secretario de Planeamiento Estrat\u00e9gico Industrial. Ministerio de Industria de la Naci\u00f3n; el Sr. Lotario Wallauer, Presidente de la Federaci\u00f3n Econ\u00f3mica de Brasil, Argentina y Paraguay (FEBAP); el Dr. Leonardo Rial, Presidente de Garantizar S.G.R.; el Dr. Claudio Fern\u00e1ndez., Vicepresidente del Banco de Inversi\u00f3n y Comercio Exterior (BICE); y el Ing. Pablo Reale. Presidente de la C\u00e1mara de la Peque\u00f1a y Mediana Industria Metal\u00fargica Argentina (CAMIMA). El moderador fue el Sr. Norberto Fermani, Presidente de la C\u00e1mara Argentina de la Industria \u00d3ptica y Afines (CADIOA).<\/p>\n","protected":false},"excerpt":{"rendered":"<p>Cada panel expuso los temas relativos a su \u00e1rea destacando la importancia de las Pymes y  las grandes expectativas que hay para el futuro de las mismas y los diversos sectores.<\/p>\n","protected":false},"author":1,"featured_media":1476,"comment_status":"closed","ping_status":"closed","sticky":false,"template":"","format":"standard","meta":[],"categories":[1],"tags":[],"_links":{"self":[{"href":"https:\/\/www.cge-ra.org\/V16\/wp-json\/wp\/v2\/posts\/1475"}],"collection":[{"href":"https:\/\/www.cge-ra.org\/V16\/wp-json\/wp\/v2\/posts"}],"about":[{"href":"https:\/\/www.cge-ra.org\/V16\/wp-json\/wp\/v2\/types\/post"}],"author":[{"embeddable":true,"href":"https:\/\/www.cge-ra.org\/V16\/wp-json\/wp\/v2\/users\/1"}],"replies":[{"embeddable":true,"href":"https:\/\/www.cge-ra.org\/V16\/wp-json\/wp\/v2\/comments?post=1475"}],"version-history":[{"count":1,"href":"https:\/\/www.cge-ra.org\/V16\/wp-json\/wp\/v2\/posts\/1475\/revisions"}],"predecessor-version":[{"id":1478,"href":"https:\/\/www.cge-ra.org\/V16\/wp-json\/wp\/v2\/posts\/1475\/revisions\/1478"}],"wp:featuredmedia":[{"embeddable":true,"href":"https:\/\/www.cge-ra.org\/V16\/wp-json\/wp\/v2\/media\/1476"}],"wp:attachment":[{"href":"https:\/\/www.cge-ra.org\/V16\/wp-json\/wp\/v2\/media?parent=1475"}],"wp:term":[{"taxonomy":"category","embeddable":true,"href":"https:\/\/www.cge-ra.org\/V16\/wp-json\/wp\/v2\/categories?post=1475"},{"taxonomy":"post_tag","embeddable":true,"href":"https:\/\/www.cge-ra.org\/V16\/wp-json\/wp\/v2\/tags?post=1475"}],"curies":[{"name":"wp","href":"https:\/\/api.w.org\/{rel}","templated":true}]}}