{"id":1485,"date":"2013-04-18T14:30:17","date_gmt":"2013-04-18T14:30:17","guid":{"rendered":"http:\/\/www.cge-ra.org\/V16\/?p=1485"},"modified":"2018-01-09T20:39:06","modified_gmt":"2018-01-09T20:39:06","slug":"la-cgera-organiza-el-1-encuentro-latinoamericano-de-empresarios-pymes","status":"publish","type":"post","link":"https:\/\/www.cge-ra.org\/V16\/la-cgera-organiza-el-1-encuentro-latinoamericano-de-empresarios-pymes\/","title":{"rendered":"La CGERA organiza el 1\u00b0 Encuentro Latinoamericano de Empresarios PYMES"},"content":{"rendered":"<div id='gallery-1' class='gallery galleryid-1485 gallery-columns-1 gallery-size-medium'><figure class='gallery-item'>\n\t\t\t<div class='gallery-icon landscape'>\n\t\t\t\t<a href='https:\/\/www.cge-ra.org\/V16\/wp-content\/uploads\/2015\/10\/foto-lat.jpg'><img width=\"300\" height=\"200\" src=\"https:\/\/www.cge-ra.org\/V16\/wp-content\/uploads\/2015\/10\/foto-lat-300x200.jpg\" class=\"attachment-medium size-medium\" alt=\"\" decoding=\"async\" loading=\"lazy\" aria-describedby=\"gallery-1-1486\" srcset=\"https:\/\/www.cge-ra.org\/V16\/wp-content\/uploads\/2015\/10\/foto-lat-300x200.jpg 300w, https:\/\/www.cge-ra.org\/V16\/wp-content\/uploads\/2015\/10\/foto-lat.jpg 600w\" sizes=\"(max-width: 300px) 100vw, 300px\" \/><\/a>\n\t\t\t<\/div>\n\t\t\t\t<figcaption class='wp-caption-text gallery-caption' id='gallery-1-1486'>\n\t\t\t\tEstuvieron presentes Migu\u00e9l Isa, Intendente de Salta; el Presidente del FAM, Julio Pereyra; el Intendente de Iguaz\u00fa, Marcelo S\u00e1nchez; el Presidente de CGERA, Marcelo Fern\u00e1ndez; Ariel Borgiani, Director de IC Latinoam\u00e9rica y el Intendente de San Vicente, D\n\t\t\t\t<\/figcaption><\/figure>\n\t\t<\/div>\n\n<p>La Confederaci\u00f3n General Empresaria de la Rep\u00fablica Argentina (CGERA) lanz\u00f3 en el Palacio San Mart\u00edn de la canciller\u00eda el 1\u00b0 Encuentro Latinoamericano de Empresarios PYMES que se llevar\u00e1 a cabo el 13 y 14 de Junio de este a\u00f1o 2013 en Iguaz\u00fa, Misiones; \u00a0esto tendr\u00e1 lugar en el marco de la VII Cumbre Hemisf\u00e9rica de Alcaldes.<\/p>\n<p>El Canciller, H\u00e9ctor Timerman, fue quien realiz\u00f3 la apertura destacando la importancia de la cumbre de Alcaldes integrados a FLACMA( Federaci\u00f3n Latinoamericana de Ciudades, Municipios y Asociaciones de Gobiernos Locales) que preside el Intendente Julio Pereyra y la de empresarios pymes: \u00abSeremos anfitriones de ambos actos que se realizar\u00e1n en la ciudad de Iguaz\u00fa. Daremos todo el apoyo posible para que se desarrollen con todo \u00e9xito\u00bb dijo Timerman en el auditorio del Palacio. Por su parte el Intendente de la ciudad de Iguaz\u00fa, Marcelo S\u00e1nchez, agradeci\u00f3 a FLACMA y a CGERA la elecci\u00f3n de su ciudad para las jornadas:\u00bb Estaremos preparados para recibirlos y pondremos todo para que ustedes sientan el mismo orgullo que nosotros tenemos por nuestra ciudad y nuestras Cataratas\u00bb.<\/p>\n<p>Los objetivos del encuentro, seg\u00fan lo manifest\u00f3 el Presidente de CGERA, Marcelo Fern\u00e1ndez, ser\u00e1n: \u201cpromover la integraci\u00f3n y generar pol\u00edticas conjuntas tomando conocimientos de las econom\u00edas regionales de toda latinoam\u00e9rica, y realizar intercambios para poder obtener nuevos enfoques que sirvan para mejorar la competitividad y la productividad de las PYMES\u201d.<\/p>\n<p>Por su parte Julio Pereyra, Presidente de Federaci\u00f3n Argentina de Municipios (FAM) y de FLACMA, resalt\u00f3 la importancia de las cumbres: \u00abSiempre hemos pensado que los Intendentes debemos discutir todos los temas que son inherentes a nuestra gesti\u00f3n. Por eso esperamos que todos los paneles, las mesas de trabajo y las reuniones que se celebren aporten las mejores conclusiones que incluiremos en nuestra gesti\u00f3n diaria\u00bb subray\u00f3 Pereyra.<\/p>\n<p>Se estima que asistir\u00e1n m\u00e1s de 500 empresarios y se formar\u00e1n 4 paneles de exposici\u00f3n para poder debatir sobre las tem\u00e1ticas comunes y afines a los diferentes sectores. Los paneles estar\u00e1n integrados por empresarios y representantes pol\u00edticos. Fueron convocados al evento la Ministra de Industria; D\u00e9bora Giorgi; el Ministro de Trabajo, Carlos Tomada; el Secretario de Comercio Interior, Guillermo Moreno; la Secretaria de Comercio Exterior, Beatriz Paglieri y varios empresarios de todo latinoam\u00e9rica.<\/p>\n<p>Adem\u00e1s participar\u00e1n de este encuentro empresarios PYMES, Intendentes, Secretarios de Producci\u00f3n de gobiernos locales y funcionarios de la \u00f3rbita provincial y nacional.<\/p>\n<p>Se destacan las colaboraciones en la organizaci\u00f3n del evento de la FAM; de FLACMA; la C\u00e1mara Argentina de Proveedores \u00a0de Estados Locales (CAPEL); e IC Argentina.<\/p>\n<p>Para participar del encuentro se deben hacer las acreditaciones pertinentes en el siguiente email:<a href=\"mailto:inscripci%C3%B3n@cge-ra.org\">inscripcion@cge-ra.org<\/a>.<\/p>\n","protected":false},"excerpt":{"rendered":"<p>Ser\u00e1 una oportunidad para que empresarios de todas las regiones del continente se acerquen a plantear sus propias experiencias.<\/p>\n","protected":false},"author":1,"featured_media":1486,"comment_status":"closed","ping_status":"closed","sticky":false,"template":"","format":"standard","meta":[],"categories":[1],"tags":[],"_links":{"self":[{"href":"https:\/\/www.cge-ra.org\/V16\/wp-json\/wp\/v2\/posts\/1485"}],"collection":[{"href":"https:\/\/www.cge-ra.org\/V16\/wp-json\/wp\/v2\/posts"}],"about":[{"href":"https:\/\/www.cge-ra.org\/V16\/wp-json\/wp\/v2\/types\/post"}],"author":[{"embeddable":true,"href":"https:\/\/www.cge-ra.org\/V16\/wp-json\/wp\/v2\/users\/1"}],"replies":[{"embeddable":true,"href":"https:\/\/www.cge-ra.org\/V16\/wp-json\/wp\/v2\/comments?post=1485"}],"version-history":[{"count":1,"href":"https:\/\/www.cge-ra.org\/V16\/wp-json\/wp\/v2\/posts\/1485\/revisions"}],"predecessor-version":[{"id":1487,"href":"https:\/\/www.cge-ra.org\/V16\/wp-json\/wp\/v2\/posts\/1485\/revisions\/1487"}],"wp:featuredmedia":[{"embeddable":true,"href":"https:\/\/www.cge-ra.org\/V16\/wp-json\/wp\/v2\/media\/1486"}],"wp:attachment":[{"href":"https:\/\/www.cge-ra.org\/V16\/wp-json\/wp\/v2\/media?parent=1485"}],"wp:term":[{"taxonomy":"category","embeddable":true,"href":"https:\/\/www.cge-ra.org\/V16\/wp-json\/wp\/v2\/categories?post=1485"},{"taxonomy":"post_tag","embeddable":true,"href":"https:\/\/www.cge-ra.org\/V16\/wp-json\/wp\/v2\/tags?post=1485"}],"curies":[{"name":"wp","href":"https:\/\/api.w.org\/{rel}","templated":true}]}}