{"id":1488,"date":"2013-04-16T14:32:21","date_gmt":"2013-04-16T14:32:21","guid":{"rendered":"http:\/\/www.cge-ra.org\/V16\/?p=1488"},"modified":"2018-01-09T20:39:06","modified_gmt":"2018-01-09T20:39:06","slug":"la-cgera-lanzo-una-nueva-delegacion-en-salta","status":"publish","type":"post","link":"https:\/\/www.cge-ra.org\/V16\/la-cgera-lanzo-una-nueva-delegacion-en-salta\/","title":{"rendered":"La CGERA lanz\u00f3 una nueva delegaci\u00f3n en Salta"},"content":{"rendered":"<div id='gallery-1' class='gallery galleryid-1488 gallery-columns-1 gallery-size-medium'><figure class='gallery-item'>\n\t\t\t<div class='gallery-icon landscape'>\n\t\t\t\t<a href='https:\/\/www.cge-ra.org\/V16\/wp-content\/uploads\/2015\/10\/Foto1.jpg'><img width=\"300\" height=\"200\" src=\"https:\/\/www.cge-ra.org\/V16\/wp-content\/uploads\/2015\/10\/Foto1-300x200.jpg\" class=\"attachment-medium size-medium\" alt=\"\" decoding=\"async\" loading=\"lazy\" aria-describedby=\"gallery-1-1489\" srcset=\"https:\/\/www.cge-ra.org\/V16\/wp-content\/uploads\/2015\/10\/Foto1-300x200.jpg 300w, https:\/\/www.cge-ra.org\/V16\/wp-content\/uploads\/2015\/10\/Foto1.jpg 600w\" sizes=\"(max-width: 300px) 100vw, 300px\" \/><\/a>\n\t\t\t<\/div>\n\t\t\t\t<figcaption class='wp-caption-text gallery-caption' id='gallery-1-1489'>\n\t\t\t\tEn la presentaci\u00f3n de ADENA hablaron varios representantes y miembros de la nueva entidad.\n\t\t\t\t<\/figcaption><\/figure>\n\t\t<\/div>\n\n<p>La CGERA en conjunto con la Agrupaci\u00f3n Jos\u00e9 Ber Gelbard lanzaron una nueva delegaci\u00f3n empresarial llamada Asociaci\u00f3n de Empresarios del Norte Argentino (ADENA) en la provincia de Salta.<\/p>\n<p>El Prosecretario de CGERA y Coordinador Nacional de los Centros de Formaci\u00f3n Continua, Dr. Guillermo Siro, dijo que \u201clos empresarios nacionales y las PYMES son el instrumento principal para lograr una Argentina justa libre y soberana\u201d y aclar\u00f3 que con esta nueva organizaci\u00f3n, \u201cla provincia de Salta comienza una nueva etapa\u00a0 de desarrollo para las PYMES.<\/p>\n<p>En el acto que se llev\u00f3 a cabo para la inauguraci\u00f3n, estuvieron presentes el Dr. Gerardo Marques, Secretario de Industria de la Provincia de Salta; Lic. Marcos Kabala, Subsecretario de Proyectos y Sistemas del Gobierno de Salta; Lic. Oscar Burgos del Ministerio de Trabajo; Javier Douset, empresario hotelero y gastron\u00f3mico; Guillermo Avellaneda, Director de Econom\u00eda Social de la Pcia de Salta; Marcos L\u00f3pez, empresario; Horacio Erausquin, empresario hotelero; Nestor Talevi, empresario; entre otros representantes.<\/p>\n","protected":false},"excerpt":{"rendered":"<p>La nueva c\u00e1mara empresaria permitir\u00e1 agrupar a varias PYMES del norte del pa\u00eds y har\u00e1 m\u00e1s competitiva la econom\u00eda regional.<\/p>\n","protected":false},"author":1,"featured_media":1489,"comment_status":"closed","ping_status":"closed","sticky":false,"template":"","format":"standard","meta":[],"categories":[1],"tags":[],"_links":{"self":[{"href":"https:\/\/www.cge-ra.org\/V16\/wp-json\/wp\/v2\/posts\/1488"}],"collection":[{"href":"https:\/\/www.cge-ra.org\/V16\/wp-json\/wp\/v2\/posts"}],"about":[{"href":"https:\/\/www.cge-ra.org\/V16\/wp-json\/wp\/v2\/types\/post"}],"author":[{"embeddable":true,"href":"https:\/\/www.cge-ra.org\/V16\/wp-json\/wp\/v2\/users\/1"}],"replies":[{"embeddable":true,"href":"https:\/\/www.cge-ra.org\/V16\/wp-json\/wp\/v2\/comments?post=1488"}],"version-history":[{"count":1,"href":"https:\/\/www.cge-ra.org\/V16\/wp-json\/wp\/v2\/posts\/1488\/revisions"}],"predecessor-version":[{"id":1490,"href":"https:\/\/www.cge-ra.org\/V16\/wp-json\/wp\/v2\/posts\/1488\/revisions\/1490"}],"wp:featuredmedia":[{"embeddable":true,"href":"https:\/\/www.cge-ra.org\/V16\/wp-json\/wp\/v2\/media\/1489"}],"wp:attachment":[{"href":"https:\/\/www.cge-ra.org\/V16\/wp-json\/wp\/v2\/media?parent=1488"}],"wp:term":[{"taxonomy":"category","embeddable":true,"href":"https:\/\/www.cge-ra.org\/V16\/wp-json\/wp\/v2\/categories?post=1488"},{"taxonomy":"post_tag","embeddable":true,"href":"https:\/\/www.cge-ra.org\/V16\/wp-json\/wp\/v2\/tags?post=1488"}],"curies":[{"name":"wp","href":"https:\/\/api.w.org\/{rel}","templated":true}]}}