{"id":1491,"date":"2013-04-11T14:33:53","date_gmt":"2013-04-11T14:33:53","guid":{"rendered":"http:\/\/www.cge-ra.org\/V16\/?p=1491"},"modified":"2018-01-09T20:39:15","modified_gmt":"2018-01-09T20:39:15","slug":"la-confederacion-general-empresaria-puso-en-marcha-su-centro-de-capacitacion-en-salta","status":"publish","type":"post","link":"https:\/\/www.cge-ra.org\/V16\/la-confederacion-general-empresaria-puso-en-marcha-su-centro-de-capacitacion-en-salta\/","title":{"rendered":"La Confederaci\u00f3n General Empresaria puso en marcha su centro de capacitaci\u00f3n en Salta"},"content":{"rendered":"<div id='gallery-1' class='gallery galleryid-1491 gallery-columns-1 gallery-size-medium'><figure class='gallery-item'>\n\t\t\t<div class='gallery-icon landscape'>\n\t\t\t\t<a href='https:\/\/www.cge-ra.org\/V16\/wp-content\/uploads\/2015\/10\/Maquinas.jpg'><img width=\"300\" height=\"200\" src=\"https:\/\/www.cge-ra.org\/V16\/wp-content\/uploads\/2015\/10\/Maquinas-300x200.jpg\" class=\"attachment-medium size-medium\" alt=\"\" decoding=\"async\" loading=\"lazy\" aria-describedby=\"gallery-1-1492\" srcset=\"https:\/\/www.cge-ra.org\/V16\/wp-content\/uploads\/2015\/10\/Maquinas-300x200.jpg 300w, https:\/\/www.cge-ra.org\/V16\/wp-content\/uploads\/2015\/10\/Maquinas.jpg 600w\" sizes=\"(max-width: 300px) 100vw, 300px\" \/><\/a>\n\t\t\t<\/div>\n\t\t\t\t<figcaption class='wp-caption-text gallery-caption' id='gallery-1-1492'>\n\t\t\t\tEl nuevo centro de Formaci\u00f3n Continua de CGERA es el primero que se realiza en Salta.\n\t\t\t\t<\/figcaption><\/figure><figure class='gallery-item'>\n\t\t\t<div class='gallery-icon landscape'>\n\t\t\t\t<a href='https:\/\/www.cge-ra.org\/V16\/wp-content\/uploads\/2015\/10\/Centro.jpg'><img width=\"300\" height=\"200\" src=\"https:\/\/www.cge-ra.org\/V16\/wp-content\/uploads\/2015\/10\/Centro-300x200.jpg\" class=\"attachment-medium size-medium\" alt=\"\" decoding=\"async\" loading=\"lazy\" aria-describedby=\"gallery-1-1493\" srcset=\"https:\/\/www.cge-ra.org\/V16\/wp-content\/uploads\/2015\/10\/Centro-300x200.jpg 300w, https:\/\/www.cge-ra.org\/V16\/wp-content\/uploads\/2015\/10\/Centro.jpg 600w\" sizes=\"(max-width: 300px) 100vw, 300px\" \/><\/a>\n\t\t\t<\/div>\n\t\t\t\t<figcaption class='wp-caption-text gallery-caption' id='gallery-1-1493'>\n\t\t\t\tEl instituto se encuentra acondicionado con todos los elementos necesarios para capacitarse.\n\t\t\t\t<\/figcaption><\/figure>\n\t\t<\/div>\n\n<p>La Confederaci\u00f3n General Empresaria (CGERA), junto al Ministerio de Trabajo de la Naci\u00f3n y Corven Motos pusieron en marcha el primer\u00a0Centro de Formaci\u00f3n Continua CGERA en la Provincia de Salta.<\/p>\n<p>Se trata de una instituci\u00f3n que tiene como fin\u00a0la capacitaci\u00f3n de personas para obtener el t\u00edtulo de T\u00e9cnico Mec\u00e1nico\u00a0colaborando en la generaci\u00f3n de nuevas fuentes genuinas de trabajo, la inclusi\u00f3n de la mujer en la actividad y ayudar en la ampliaci\u00f3n de talleres especializados de motos para los servicios de post venta.<\/p>\n<p>Tambi\u00e9n se abrieron otros 3 talleres referidos a Marroquiner\u00eda y Cadena de Valor del Cuero; Confecci\u00f3n Textil y Gesti\u00f3n PYME; todos en forma conjunta con los Centros de Formaci\u00f3n a trav\u00e9s de la Secretar\u00eda de Empleo del Ministerio de Trabajo y la Municipalidad de Salta.<\/p>\n<p>La puesta en marcha se llev\u00f3 a cabo en Salta Capital y cont\u00f3 con la participaci\u00f3n del Intendente de la Ciudad, Miguel Isa; el Director Nacional de los Centros de Formaci\u00f3n Continua CGERA y Coordinador Nacional del Plan de Promoci\u00f3n y Calificaci\u00f3n de Empleos MTEYSS Y CGERA, Guillermo Siro;\u00a0Mar\u00eda Gabriela Massari, Jefe de Marketing Corporativo CORVEN del Grupo Iraola; el Secretario de Gobierno municipal, Mat\u00edas Canepa; la Coordinadora de Equidad de G\u00e9nero e Igualdad de Oportunidades del Ministerio de Trabajo de la Naci\u00f3n, Cristina Antunes; entre otros funcionarios nacionales y provinciales.<\/p>\n<p>Guillermo Siro mencion\u00f3 que \u201ceste nuevo centro le permitir\u00e1 a la provincia generar m\u00e1s inclusi\u00f3n laboral con trabajadores bien capacitados que sumar\u00e1n en las cadenas de valor regionales\u201d.<\/p>\n<p>El nuevo instituto cuenta con instalaciones modernas, un aula para clases te\u00f3ricas y otra para clases pr\u00e1cticas\u00a0y material did\u00e1ctico para\u00a0el dictado de los cursos\u00a0de formaci\u00f3n en mec\u00e1nica b\u00e1sica, mec\u00e1nica avanzada, electr\u00f3nica b\u00e1sica, electricidad avanzada y diagn\u00f3stico de fallas.<\/p>\n","protected":false},"excerpt":{"rendered":"<p>El nuevo centro de formaci\u00f3ny capacitaci\u00f3n permitir\u00e1 fortificar y generar crecimientoproductivo como as\u00ed tambi\u00e9n proporcionar el acceso a la formaci\u00f3n profesional de hombres y mujeres.<\/p>\n","protected":false},"author":1,"featured_media":1493,"comment_status":"closed","ping_status":"closed","sticky":false,"template":"","format":"standard","meta":[],"categories":[1],"tags":[],"_links":{"self":[{"href":"https:\/\/www.cge-ra.org\/V16\/wp-json\/wp\/v2\/posts\/1491"}],"collection":[{"href":"https:\/\/www.cge-ra.org\/V16\/wp-json\/wp\/v2\/posts"}],"about":[{"href":"https:\/\/www.cge-ra.org\/V16\/wp-json\/wp\/v2\/types\/post"}],"author":[{"embeddable":true,"href":"https:\/\/www.cge-ra.org\/V16\/wp-json\/wp\/v2\/users\/1"}],"replies":[{"embeddable":true,"href":"https:\/\/www.cge-ra.org\/V16\/wp-json\/wp\/v2\/comments?post=1491"}],"version-history":[{"count":1,"href":"https:\/\/www.cge-ra.org\/V16\/wp-json\/wp\/v2\/posts\/1491\/revisions"}],"predecessor-version":[{"id":1494,"href":"https:\/\/www.cge-ra.org\/V16\/wp-json\/wp\/v2\/posts\/1491\/revisions\/1494"}],"wp:featuredmedia":[{"embeddable":true,"href":"https:\/\/www.cge-ra.org\/V16\/wp-json\/wp\/v2\/media\/1493"}],"wp:attachment":[{"href":"https:\/\/www.cge-ra.org\/V16\/wp-json\/wp\/v2\/media?parent=1491"}],"wp:term":[{"taxonomy":"category","embeddable":true,"href":"https:\/\/www.cge-ra.org\/V16\/wp-json\/wp\/v2\/categories?post=1491"},{"taxonomy":"post_tag","embeddable":true,"href":"https:\/\/www.cge-ra.org\/V16\/wp-json\/wp\/v2\/tags?post=1491"}],"curies":[{"name":"wp","href":"https:\/\/api.w.org\/{rel}","templated":true}]}}