{"id":1495,"date":"2013-03-26T14:35:54","date_gmt":"2013-03-26T14:35:54","guid":{"rendered":"http:\/\/www.cge-ra.org\/V16\/?p=1495"},"modified":"2018-01-09T20:39:18","modified_gmt":"2018-01-09T20:39:18","slug":"la-cgera-y-smata-trabajaran-juntos-en-capacitacion-para-la-industria","status":"publish","type":"post","link":"https:\/\/www.cge-ra.org\/V16\/la-cgera-y-smata-trabajaran-juntos-en-capacitacion-para-la-industria\/","title":{"rendered":"La CGERA y SMATA trabajar\u00e1n juntos en capacitaci\u00f3n para la industria"},"content":{"rendered":"<div id='gallery-1' class='gallery galleryid-1495 gallery-columns-1 gallery-size-medium'><figure class='gallery-item'>\n\t\t\t<div class='gallery-icon landscape'>\n\t\t\t\t<a href='https:\/\/www.cge-ra.org\/V16\/wp-content\/uploads\/2015\/10\/smata-4.jpg'><img width=\"300\" height=\"200\" src=\"https:\/\/www.cge-ra.org\/V16\/wp-content\/uploads\/2015\/10\/smata-4-300x200.jpg\" class=\"attachment-medium size-medium\" alt=\"\" decoding=\"async\" loading=\"lazy\" aria-describedby=\"gallery-1-1496\" srcset=\"https:\/\/www.cge-ra.org\/V16\/wp-content\/uploads\/2015\/10\/smata-4-300x200.jpg 300w, https:\/\/www.cge-ra.org\/V16\/wp-content\/uploads\/2015\/10\/smata-4.jpg 600w\" sizes=\"(max-width: 300px) 100vw, 300px\" \/><\/a>\n\t\t\t<\/div>\n\t\t\t\t<figcaption class='wp-caption-text gallery-caption' id='gallery-1-1496'>\n\t\t\t\tPignanelli y Fern\u00e1ndez durante la firma del convenio.\n\t\t\t\t<\/figcaption><\/figure>\n\t\t<\/div>\n\n<p>En el marco del Plan Nacional de Capacitaci\u00f3n y Formaci\u00f3n de Empleo que est\u00e1 llevando adelante la Confederaci\u00f3n General Empresaria (CGERA) con el apoyo del Ministerio de Trabajo de la Naci\u00f3n a trav\u00e9s de Centros de Formaci\u00f3n Continua, se realiz\u00f3 la firma de un nuevo convenio de cooperaci\u00f3n con el Sindicato de Mec\u00e1nicos y Afines del Transporte Automotor de la Rep\u00fablica Argentina (SMATA). La firma se realiz\u00f3 en el edificio de SMATA, el jueves 21 de marzo.<\/p>\n<p>\u201cEl acuerdo tiene como objetivo realizar tareas conjuntas en la formaci\u00f3n y capacitaci\u00f3n de trabajadores para generar mayor inclusi\u00f3n laboral\u201d destac\u00f3 Marcelo Fern\u00e1ndez, Presidente de la CGERA. \u201cVamos a trabajar codo a codo con SMATA, que es una entidad que habla el mismo idioma que las entidades Pymes\u201d agreg\u00f3 Fern\u00e1ndez.<\/p>\n<p>Ricardo Pignanelli destac\u00f3 el rol de la capacitaci\u00f3n en lo que denomin\u00f3 \u201cun modelo sindical completo, que no se agota en paritarias, convenios colectivos o salarios\u201d. El dirigente destac\u00f3 adem\u00e1s los logros del modelo econ\u00f3mico que \u201cle devolvi\u00f3 la identidad a los pibes, que empezaron a conocer qui\u00e9nes son sus padres, que hoy tienen trabajo\u201d y agreg\u00f3 \u201csin trabajo no hay nada\u201d.<\/p>\n<p>Este acuerdo se sumar\u00e1 a otros que viene gestionando la CGERA en todo el pa\u00eds: \u201cya creamos seis centros de Formaci\u00f3n Continua y para el 2013 estamos firmando convenios para realizar muchos m\u00e1s\u201d agreg\u00f3 el Director y Coordinador del programa de Formaci\u00f3n Continua de la CGERA, el Dr. Guillermo Siro.<\/p>\n<p>La CGERA por medio de su Presidente, Marcelo Fern\u00e1ndez, y SMATA a trav\u00e9s de su Secretario General, Ricardo Pignanelli presidieron el acto que cont\u00f3 con la presencia del Secretario de Empleo, Enrique Deibe, quien declar\u00f3 que \u201cSMATA es un ejemplo en formaci\u00f3n y capacitiaci\u00f3n y estas caracter\u00edsticas hacen que tenga caminos comunes con la CGERA, dos entidades comprometidas con el proyecto de una Argentina equitativa\u201d.<\/p>\n<p>Estuvieron presentes toda la comisi\u00f3n directiva de SMATA y un grupo de empresarios de la CGERA como Facundo Gald\u00f3s, de la Regional Sur GBA de la CGERA; Alberto Ruibal, presidente de la C\u00e1mara Argentina de Seguridad (CAS); y el Director Comercial de la empresa Zanella, entre otros.<\/p>\n","protected":false},"excerpt":{"rendered":"<p>Firmaron un acuerdo para la capacitaci\u00f3n en mec\u00e1nica de motos. Se contin\u00faan realizando acuerdos para la formaci\u00f3n profesional.<\/p>\n","protected":false},"author":1,"featured_media":1496,"comment_status":"closed","ping_status":"closed","sticky":false,"template":"","format":"standard","meta":[],"categories":[1],"tags":[],"_links":{"self":[{"href":"https:\/\/www.cge-ra.org\/V16\/wp-json\/wp\/v2\/posts\/1495"}],"collection":[{"href":"https:\/\/www.cge-ra.org\/V16\/wp-json\/wp\/v2\/posts"}],"about":[{"href":"https:\/\/www.cge-ra.org\/V16\/wp-json\/wp\/v2\/types\/post"}],"author":[{"embeddable":true,"href":"https:\/\/www.cge-ra.org\/V16\/wp-json\/wp\/v2\/users\/1"}],"replies":[{"embeddable":true,"href":"https:\/\/www.cge-ra.org\/V16\/wp-json\/wp\/v2\/comments?post=1495"}],"version-history":[{"count":1,"href":"https:\/\/www.cge-ra.org\/V16\/wp-json\/wp\/v2\/posts\/1495\/revisions"}],"predecessor-version":[{"id":1497,"href":"https:\/\/www.cge-ra.org\/V16\/wp-json\/wp\/v2\/posts\/1495\/revisions\/1497"}],"wp:featuredmedia":[{"embeddable":true,"href":"https:\/\/www.cge-ra.org\/V16\/wp-json\/wp\/v2\/media\/1496"}],"wp:attachment":[{"href":"https:\/\/www.cge-ra.org\/V16\/wp-json\/wp\/v2\/media?parent=1495"}],"wp:term":[{"taxonomy":"category","embeddable":true,"href":"https:\/\/www.cge-ra.org\/V16\/wp-json\/wp\/v2\/categories?post=1495"},{"taxonomy":"post_tag","embeddable":true,"href":"https:\/\/www.cge-ra.org\/V16\/wp-json\/wp\/v2\/tags?post=1495"}],"curies":[{"name":"wp","href":"https:\/\/api.w.org\/{rel}","templated":true}]}}