{"id":15,"date":"2015-04-10T21:30:51","date_gmt":"2015-04-10T21:30:51","guid":{"rendered":"http:\/\/www.cge-ra.org\/2015\/?p=15"},"modified":"2015-10-20T11:37:54","modified_gmt":"2015-10-20T11:37:54","slug":"capacitacion-para-trabajadores-independientes","status":"publish","type":"post","link":"https:\/\/www.cge-ra.org\/V16\/capacitacion-para-trabajadores-independientes\/","title":{"rendered":"Capacitaci\u00f3n para trabajadores independientes"},"content":{"rendered":"<div id='gallery-1' class='gallery galleryid-15 gallery-columns-1 gallery-size-medium'><figure class='gallery-item'>\n\t\t\t<div class='gallery-icon landscape'>\n\t\t\t\t<a href='https:\/\/www.cge-ra.org\/V16\/wp-content\/uploads\/2015\/07\/150409_capacitacion_1.jpg'><img width=\"300\" height=\"198\" src=\"https:\/\/www.cge-ra.org\/V16\/wp-content\/uploads\/2015\/07\/150409_capacitacion_1-300x198.jpg\" class=\"attachment-medium size-medium\" alt=\"\" decoding=\"async\" loading=\"lazy\" aria-describedby=\"gallery-1-16\" srcset=\"https:\/\/www.cge-ra.org\/V16\/wp-content\/uploads\/2015\/07\/150409_capacitacion_1-300x198.jpg 300w, https:\/\/www.cge-ra.org\/V16\/wp-content\/uploads\/2015\/07\/150409_capacitacion_1.jpg 600w\" sizes=\"(max-width: 300px) 100vw, 300px\" \/><\/a>\n\t\t\t<\/div>\n\t\t\t\t<figcaption class='wp-caption-text gallery-caption' id='gallery-1-16'>\n\t\t\t\tFederico Ludue\u00f1a, Cecilia Delpech, y Guillermo Siro\n\t\t\t\t<\/figcaption><\/figure>\n\t\t<\/div>\n\n<p>El acto fue encabezado por el subsecretario de Promoci\u00f3n del Sector Social de la Econom\u00eda, Federico Ludue\u00f1a, y la directora de Empleo Independiente y Entramados Productivos, Cecilia Delpech, y participaron la coordinadora del programa de Marcas Colectivas de Desarrollo Social, Roc\u00edo Casajus, y el director de la Red de Centros de Formaci\u00f3n Continua de CGERA, Guillermo Siro.<\/p>\n<p>Durante su intervenci\u00f3n, Ludue\u00f1a destac\u00f3 \u201cla importancia de la capacitaci\u00f3n en el sector social de la econom\u00eda, principalmente en cuanto a la comercializaci\u00f3n, ya que construye un puente entre el microemprendimiento y la posibilidad de que en un futuro se transforme en una peque\u00f1a empresa\u201d.<\/p>\n<p>El taller de comercializaci\u00f3n para trabajadores independientes surge como una respuesta a la necesidad manifiesta de mejorar las posibilidades de comercializaci\u00f3n. Estos espacios permiten sumar informaci\u00f3n para la toma de decisiones, repensar estrategias, mejorar posibilidades, y el intercambio entre los trabajadores asistentes que muchas veces se convierten en proveedores\/clientes.<\/p>\n<p>En un acuerdo con la Confederaci\u00f3n General Empresaria de la Rep\u00fablica Argentina (CGERA), se ha brindado este mismo curso en las ciudades de Rosario y La Plata.<\/p>\n<p>Adem\u00e1s de los conocimientos propios de la tem\u00e1tica, se har\u00e1n presentes los responsables de la l\u00ednea de marca colectiva del Ministerio de Desarrollo Social de la Naci\u00f3n, quienes brindar\u00e1n conocimientos acerca de esa herramienta.<\/p>\n<p>Est\u00e1n convocados trabajadores independientes del Sector Social de la Econom\u00eda apoyados por el Ministerio de Trabajo, Empleo y Seguridad Social en sus l\u00edneas Trabajo Autogestionado, Entramados Productivos o Empleo Independiente de las Gerencias de CABA, Conurbano Sur, Norte y Oeste.<\/p>\n<p>El taller ser\u00e1 dictado en la sede de la cartera laboral los d\u00edas 9, 14, 16, 21, 23 y 28 de abril.<\/p>\n","protected":false},"excerpt":{"rendered":"<p>El acto fue encabezado por el subsecretario de Promoci\u00f3n del Sector Social de la Econom\u00eda, Federico Ludue\u00f1a, y la directora de Empleo Independiente y Entramados Productivos, Cecilia Delpech, y participaron la coordinadora del programa de Marcas Colectivas de Desarrollo Social, Roc\u00edo Casajus, y el director de la Red de Centros de Formaci\u00f3n Continua de CGERA, &#8230;<\/p>\n","protected":false},"author":1,"featured_media":16,"comment_status":"closed","ping_status":"closed","sticky":false,"template":"","format":"standard","meta":[],"categories":[5],"tags":[],"_links":{"self":[{"href":"https:\/\/www.cge-ra.org\/V16\/wp-json\/wp\/v2\/posts\/15"}],"collection":[{"href":"https:\/\/www.cge-ra.org\/V16\/wp-json\/wp\/v2\/posts"}],"about":[{"href":"https:\/\/www.cge-ra.org\/V16\/wp-json\/wp\/v2\/types\/post"}],"author":[{"embeddable":true,"href":"https:\/\/www.cge-ra.org\/V16\/wp-json\/wp\/v2\/users\/1"}],"replies":[{"embeddable":true,"href":"https:\/\/www.cge-ra.org\/V16\/wp-json\/wp\/v2\/comments?post=15"}],"version-history":[{"count":3,"href":"https:\/\/www.cge-ra.org\/V16\/wp-json\/wp\/v2\/posts\/15\/revisions"}],"predecessor-version":[{"id":1255,"href":"https:\/\/www.cge-ra.org\/V16\/wp-json\/wp\/v2\/posts\/15\/revisions\/1255"}],"wp:featuredmedia":[{"embeddable":true,"href":"https:\/\/www.cge-ra.org\/V16\/wp-json\/wp\/v2\/media\/16"}],"wp:attachment":[{"href":"https:\/\/www.cge-ra.org\/V16\/wp-json\/wp\/v2\/media?parent=15"}],"wp:term":[{"taxonomy":"category","embeddable":true,"href":"https:\/\/www.cge-ra.org\/V16\/wp-json\/wp\/v2\/categories?post=15"},{"taxonomy":"post_tag","embeddable":true,"href":"https:\/\/www.cge-ra.org\/V16\/wp-json\/wp\/v2\/tags?post=15"}],"curies":[{"name":"wp","href":"https:\/\/api.w.org\/{rel}","templated":true}]}}