{"id":1501,"date":"2012-11-30T14:40:24","date_gmt":"2012-11-30T14:40:24","guid":{"rendered":"http:\/\/www.cge-ra.org\/V16\/?p=1501"},"modified":"2018-01-09T20:39:28","modified_gmt":"2018-01-09T20:39:28","slug":"marcelo-fernandez-en-tecnopolis-no-existe-proyecto-productivo-sin-aduana","status":"publish","type":"post","link":"https:\/\/www.cge-ra.org\/V16\/marcelo-fernandez-en-tecnopolis-no-existe-proyecto-productivo-sin-aduana\/","title":{"rendered":"Marcelo Fern\u00e1ndez en Tecn\u00f3polis: \u201cno existe proyecto productivo sin aduana\u201d"},"content":{"rendered":"<div id='gallery-1' class='gallery galleryid-1501 gallery-columns-1 gallery-size-medium'><figure class='gallery-item'>\n\t\t\t<div class='gallery-icon landscape'>\n\t\t\t\t<a href='https:\/\/www.cge-ra.org\/V16\/wp-content\/uploads\/2015\/10\/DSC05389.jpg'><img width=\"300\" height=\"200\" src=\"https:\/\/www.cge-ra.org\/V16\/wp-content\/uploads\/2015\/10\/DSC05389-300x200.jpg\" class=\"attachment-medium size-medium\" alt=\"\" decoding=\"async\" loading=\"lazy\" aria-describedby=\"gallery-1-1502\" srcset=\"https:\/\/www.cge-ra.org\/V16\/wp-content\/uploads\/2015\/10\/DSC05389-300x200.jpg 300w, https:\/\/www.cge-ra.org\/V16\/wp-content\/uploads\/2015\/10\/DSC05389.jpg 600w\" sizes=\"(max-width: 300px) 100vw, 300px\" \/><\/a>\n\t\t\t<\/div>\n\t\t\t\t<figcaption class='wp-caption-text gallery-caption' id='gallery-1-1502'>\n\t\t\t\tMarcelo Fernandez expuso junto a otros importantes oradores en el seminario en Tecnopolis.\n\t\t\t\t<\/figcaption><\/figure>\n\t\t<\/div>\n\n<p>Marcelo Fern\u00e1ndez, presidente de la Confederaci\u00f3n General Empresaria (CGERA) expuso en la jornada organizada por la Secretar\u00eda de Comercio Interior de la Naci\u00f3n, denominada \u201cEl Capitalismo Nacional y la Integraci\u00f3n Regional\u201d en el auditorio principal del predio de Tecn\u00f3polis.<\/p>\n<p>Entre los oradores, estuvieron tambi\u00e9n el Ministro de Econom\u00eda, Hern\u00e1n Lorenzino, Juan Carlos Lascurain Presidente de ADIMRA; Paulo Skaf, Presidente de la Federaci\u00f3n de Industrias de San Pablo; Daniel Carbonetto, Director Acad\u00e9mico del Centro de Estudios Socioecon\u00f3micos y Sindicales (CESS); y el Secretario de Comercio Interior, Guillermo Moreno, entre otros empresarios.<\/p>\n<p>Fern\u00e1ndez realiz\u00f3 un emotivo y encendido discurso que motiv\u00f3 en m\u00e1s de cinco oportunidades el aplauso de los m\u00e1s de 600 empresarios presentes.<\/p>\n<p>El empresario cont\u00f3 c\u00f3mo vivi\u00f3 desde su infancia el auge del sector de cierres al que pertenece su empresa en los a\u00f1os 70 y c\u00f3mo, las 18 f\u00e1bricas que exist\u00edan fueron desapareciendo una a una \u201clo que impactaba en el estado de \u00e1nimo de mi padre que luego tom\u00f3 cr\u00e9dito y gracias a la famosa tablita de Mart\u00ednez de Hoz le explot\u00f3 en la mano\u201d<\/p>\n<p>\u201cLuego me toc\u00f3 a m\u00ed afrontar en la empresa la peor parte, el empate del uno a uno en los noventa donde la entrega del mercado interno fue total\u201d relat\u00f3. \u201cAs\u00ed los empresarios nos comenzamos a abroquelar desde 2001 y luego recuperamos la presencia\u201d<\/p>\n<p>El Presidente de la CGERA agradeci\u00f3 al gobierno por haber sido siempre \u201cun gobierno de puertas abiertas que nos escucha y con el cual hemos logrado soluciones\u201d Expres\u00f3 que para las empresas nacionales la Aduana \u201ces fundamental\u201d y que \u201cno existe proyecto productivo sin una aduana fuerte\u201d, tema por el cual celebr\u00f3 el cumplimiento del foro aduanero n\u00famero 60 del usuario Pyme, donde mes a mes los presidentes de c\u00e1maras se re\u00fanen con los funcionarios a resolver las problem\u00e1ticas que puedan surgir.<\/p>\n<p>Fern\u00e1ndez manifest\u00f3 que los industriales \u201cno queremos que no exista importaci\u00f3n, queremos competir, pero con lo que vale, no con productos que entren a un precio menor a su costo de producci\u00f3n\u201d<\/p>\n<p>El dirigente alent\u00f3 adem\u00e1s a \u201cterminar con la pavada de campo versus industria\u201d y a trabajar unidos en plasmar pol\u00edticas p\u00fablicas que generen empleo \u201cen v\u00edsperas del cumplimiento de treinta a\u00f1os consecutivos de democracia en el pa\u00eds\u201d.<\/p>\n","protected":false},"excerpt":{"rendered":"<p>El Presidente de CGERA realiz\u00f3 su exposici\u00f3n en Tecn\u00f3polis.<\/p>\n","protected":false},"author":1,"featured_media":1502,"comment_status":"closed","ping_status":"closed","sticky":false,"template":"","format":"standard","meta":[],"categories":[1],"tags":[],"_links":{"self":[{"href":"https:\/\/www.cge-ra.org\/V16\/wp-json\/wp\/v2\/posts\/1501"}],"collection":[{"href":"https:\/\/www.cge-ra.org\/V16\/wp-json\/wp\/v2\/posts"}],"about":[{"href":"https:\/\/www.cge-ra.org\/V16\/wp-json\/wp\/v2\/types\/post"}],"author":[{"embeddable":true,"href":"https:\/\/www.cge-ra.org\/V16\/wp-json\/wp\/v2\/users\/1"}],"replies":[{"embeddable":true,"href":"https:\/\/www.cge-ra.org\/V16\/wp-json\/wp\/v2\/comments?post=1501"}],"version-history":[{"count":2,"href":"https:\/\/www.cge-ra.org\/V16\/wp-json\/wp\/v2\/posts\/1501\/revisions"}],"predecessor-version":[{"id":1504,"href":"https:\/\/www.cge-ra.org\/V16\/wp-json\/wp\/v2\/posts\/1501\/revisions\/1504"}],"wp:featuredmedia":[{"embeddable":true,"href":"https:\/\/www.cge-ra.org\/V16\/wp-json\/wp\/v2\/media\/1502"}],"wp:attachment":[{"href":"https:\/\/www.cge-ra.org\/V16\/wp-json\/wp\/v2\/media?parent=1501"}],"wp:term":[{"taxonomy":"category","embeddable":true,"href":"https:\/\/www.cge-ra.org\/V16\/wp-json\/wp\/v2\/categories?post=1501"},{"taxonomy":"post_tag","embeddable":true,"href":"https:\/\/www.cge-ra.org\/V16\/wp-json\/wp\/v2\/tags?post=1501"}],"curies":[{"name":"wp","href":"https:\/\/api.w.org\/{rel}","templated":true}]}}