{"id":1505,"date":"2012-12-20T14:42:33","date_gmt":"2012-12-20T14:42:33","guid":{"rendered":"http:\/\/www.cge-ra.org\/V16\/?p=1505"},"modified":"2018-01-09T20:39:18","modified_gmt":"2018-01-09T20:39:18","slug":"la-cgera-firmo-un-convenio-con-el-municipio-de-quilmes","status":"publish","type":"post","link":"https:\/\/www.cge-ra.org\/V16\/la-cgera-firmo-un-convenio-con-el-municipio-de-quilmes\/","title":{"rendered":"La CGERA firm\u00f3 un convenio con el Municipio de Quilmes"},"content":{"rendered":"<div id='gallery-1' class='gallery galleryid-1505 gallery-columns-1 gallery-size-medium'><figure class='gallery-item'>\n\t\t\t<div class='gallery-icon landscape'>\n\t\t\t\t<a href='https:\/\/www.cge-ra.org\/V16\/wp-content\/uploads\/2015\/10\/Marcelo-e-Intendente.jpg'><img width=\"300\" height=\"200\" src=\"https:\/\/www.cge-ra.org\/V16\/wp-content\/uploads\/2015\/10\/Marcelo-e-Intendente-300x200.jpg\" class=\"attachment-medium size-medium\" alt=\"\" decoding=\"async\" loading=\"lazy\" aria-describedby=\"gallery-1-1506\" srcset=\"https:\/\/www.cge-ra.org\/V16\/wp-content\/uploads\/2015\/10\/Marcelo-e-Intendente-300x200.jpg 300w, https:\/\/www.cge-ra.org\/V16\/wp-content\/uploads\/2015\/10\/Marcelo-e-Intendente.jpg 600w\" sizes=\"(max-width: 300px) 100vw, 300px\" \/><\/a>\n\t\t\t<\/div>\n\t\t\t\t<figcaption class='wp-caption-text gallery-caption' id='gallery-1-1506'>\n\t\t\t\tFrancisco Gutierrez y Marcelo Fern\u00e1ndez durante la firma del convenio \n\t\t\t\t<\/figcaption><\/figure>\n\t\t<\/div>\n\n<p>El Presidente de la CGERA, Marcelo Fern\u00e1ndez, formaliz\u00f3 un convenio de cooperaci\u00f3n con el Intendente de la ciudad de Quilmes, Francisco Guti\u00e9rrez, en el que se acuerda trabajar de manera conjunta en los institutos de Formaci\u00f3n Continua, de dicho distrito, en el a\u00f1o 2013.<\/p>\n<p>La CGERA con el apoyo del MTEySS est\u00e1 creando nuevos Centros de Formaci\u00f3n Continua en varios puntos del pa\u00eds y para el a\u00f1o que viene se propone realizar un nuevo instituto de capacitaci\u00f3n textil, con el apoyo de la Fundaci\u00f3n Pro Tejer, en las Instalaciones de la Entidad Formativa Municipal de Quilmes, donde actualmente se dictan cursos sobre m\u00e9canica de automotores, construcci\u00f3n y trabajos metalurgicos.<\/p>\n<p>En el acto de la firma del convenio tambi\u00e9n participaron el Dr. Guillermo Siro, miembro de la CGERA y Director General de los Centros de Formaci\u00f3n; el Presidente de la Regional Sur de la CGERA, Facundo Galdos; el Presidente de la Fundaci\u00f3n Pro Tejer, Marco Meloni; y representantes de empresas y organizaciones gremiales de Quilmes.<\/p>\n","protected":false},"excerpt":{"rendered":"<p>El acuerdo es para trabajar conjuntamente en los centros de formaci\u00f3n de dicha localidad.<\/p>\n","protected":false},"author":1,"featured_media":1506,"comment_status":"closed","ping_status":"closed","sticky":false,"template":"","format":"standard","meta":[],"categories":[1],"tags":[],"_links":{"self":[{"href":"https:\/\/www.cge-ra.org\/V16\/wp-json\/wp\/v2\/posts\/1505"}],"collection":[{"href":"https:\/\/www.cge-ra.org\/V16\/wp-json\/wp\/v2\/posts"}],"about":[{"href":"https:\/\/www.cge-ra.org\/V16\/wp-json\/wp\/v2\/types\/post"}],"author":[{"embeddable":true,"href":"https:\/\/www.cge-ra.org\/V16\/wp-json\/wp\/v2\/users\/1"}],"replies":[{"embeddable":true,"href":"https:\/\/www.cge-ra.org\/V16\/wp-json\/wp\/v2\/comments?post=1505"}],"version-history":[{"count":1,"href":"https:\/\/www.cge-ra.org\/V16\/wp-json\/wp\/v2\/posts\/1505\/revisions"}],"predecessor-version":[{"id":1507,"href":"https:\/\/www.cge-ra.org\/V16\/wp-json\/wp\/v2\/posts\/1505\/revisions\/1507"}],"wp:featuredmedia":[{"embeddable":true,"href":"https:\/\/www.cge-ra.org\/V16\/wp-json\/wp\/v2\/media\/1506"}],"wp:attachment":[{"href":"https:\/\/www.cge-ra.org\/V16\/wp-json\/wp\/v2\/media?parent=1505"}],"wp:term":[{"taxonomy":"category","embeddable":true,"href":"https:\/\/www.cge-ra.org\/V16\/wp-json\/wp\/v2\/categories?post=1505"},{"taxonomy":"post_tag","embeddable":true,"href":"https:\/\/www.cge-ra.org\/V16\/wp-json\/wp\/v2\/tags?post=1505"}],"curies":[{"name":"wp","href":"https:\/\/api.w.org\/{rel}","templated":true}]}}